{"id":31908,"date":"2025-03-26T03:11:40","date_gmt":"2025-03-26T03:11:40","guid":{"rendered":"https:\/\/icoinformativo.mx\/home\/?p=31908"},"modified":"2025-03-26T03:11:40","modified_gmt":"2025-03-26T03:11:40","slug":"%f0%9d%97%98%f0%9d%97%bb%f0%9d%98%81%f0%9d%97%bf%f0%9d%97%b2%f0%9d%97%b4%f0%9d%97%ae-%f0%9d%97%b1%f0%9d%97%b2-%f0%9d%97%a8%f0%9d%97%bb%f0%9d%97%b6%f0%9d%97%b3%f0%9d%97%bc%f0%9d%97%bf%f0%9d%97%ba","status":"publish","type":"post","link":"https:\/\/icoinformativo.mx\/home\/?p=31908","title":{"rendered":"\ud835\uddd8\ud835\uddfb\ud835\ude01\ud835\uddff\ud835\uddf2\ud835\uddf4\ud835\uddee \ud835\uddf1\ud835\uddf2 \ud835\udde8\ud835\uddfb\ud835\uddf6\ud835\uddf3\ud835\uddfc\ud835\uddff\ud835\uddfa\ud835\uddf2\ud835\ude00 \ud835\ude06 \ud835\uddd8\ud835\uddfe\ud835\ude02\ud835\uddf6\ud835\uddfd\ud835\uddee\ud835\uddfa\ud835\uddf6\ud835\uddf2\ud835\uddfb\ud835\ude01\ud835\uddfc \ud835\uddee \ud835\uddd8\ud835\uddf9\ud835\uddf2\ud835\uddfa\ud835\uddf2\ud835\uddfb\ud835\ude01\ud835\uddfc\ud835\ude00 \ud835\uddf1\ud835\uddf2 \ud835\udde6\ud835\uddf2\ud835\uddf4\ud835\ude02\ud835\uddff\ud835\uddf6\ud835\uddf1\ud835\uddee\ud835\uddf1 \ud835\udde3\u00fa\ud835\uddef\ud835\uddf9\ud835\uddf6\ud835\uddf0\ud835\uddee \ud835\udde0\ud835\ude02\ud835\uddfb\ud835\uddf6\ud835\uddf0\ud835\uddf6\ud835\uddfd\ud835\uddee\ud835\uddf9"},"content":{"rendered":"<p>&nbsp;<\/p>\n<p>El Gobierno Municipal de Ju\u00e1rez, Chiapas, que encabeza el Presidente \u00d3scar Serra Cantoral, reafirma su compromiso con la seguridad de las y los juare\u00f1os mediante la entrega de uniformes y equipamiento profesional a los elementos de Seguridad P\u00fablica Municipal.<\/p>\n<p>&nbsp;<\/p>\n<p>Durante el evento, en representaci\u00f3n del Presidente Municipal, asisti\u00f3 Carlos Augusto Morales Ch\u00e1vez, Regidor Encargado de la Comisi\u00f3n de Seguridad y Protecci\u00f3n Ciudadana, quien destac\u00f3 la importancia de respaldar con acciones concretas a quienes d\u00eda a d\u00eda resguardan el orden, la paz y la integridad de nuestro municipio.<\/p>\n<p>Tambi\u00e9n estuvieron presentes:<\/p>\n<p>\u2022Felisa Soberano Zenteno, S\u00edndica Municipal<\/p>\n<p>&nbsp;<\/p>\n<p>\u2022Jes\u00fas Silva Arzat, Regidor<\/p>\n<p>&nbsp;<\/p>\n<p>\u2022Alberto Romero Rodr\u00edguez, Regidor<\/p>\n<p>&nbsp;<\/p>\n<p>\u2022Rosa Mar\u00eda Paz Contreras, Regidora<\/p>\n<p>&nbsp;<\/p>\n<p>\u2022Benito Acopa Castillo, Secretario Ejecutivo del Consejo Municipal de Seguridad P\u00fablica<\/p>\n<p>\u2022Nicol\u00e1s Mart\u00ednez Trejo, Director de Seguridad P\u00fablica Municipal<\/p>\n<p>El Gobierno Municipal agradece el compromiso de cada uno de ellos. Su presencia demuestra que en Ju\u00e1rez existe un equipo de trabajo unido, responsable y alineado al bienestar de nuestro pueblo.<\/p>\n<p>&nbsp;<\/p>\n<p>Como parte de este esfuerzo, se hizo entrega de un equipo t\u00e1ctico completo, cuidadosamente seleccionado para garantizar protecci\u00f3n, funcionalidad y eficiencia operativa. El paquete incluy\u00f3 indumentaria de alto rendimiento y herramientas de trabajo de uso profesional, tales como:<\/p>\n<p>&nbsp;<\/p>\n<p>\u2022Camisa y pantal\u00f3n fabricados en tela Rip-Stop, reconocida por su resistencia al desgarro y desgaste, dise\u00f1ada para el trabajo t\u00e1ctico en campo.<\/p>\n<p>&nbsp;<\/p>\n<p>\u2022Dos playeras institucionales de uso operativo y una chamarra desmontable de protecci\u00f3n exterior, ideales para condiciones clim\u00e1ticas diversas.<\/p>\n<p>&nbsp;<\/p>\n<p>\u2022Gorra t\u00e1ctica con bordado oficial, calzado Duty Gear de alto soporte y durabilidad, y una l\u00e1mpara Panther de alto alcance para operativos nocturnos.<\/p>\n<p>&nbsp;<\/p>\n<p>\u2022Bast\u00f3n retr\u00e1ctil de 26 pulgadas, candado de mano niquelado y gas en spray de uso controlado, todo conforme a los lineamientos oficiales de seguridad.<\/p>\n<p>&nbsp;<\/p>\n<p>Cada pieza fue pensada para dignificar el servicio de nuestros elementos, dot\u00e1ndolos con equipo que cumple con los est\u00e1ndares actuales de seguridad p\u00fablica.<\/p>\n<p>&nbsp;<\/p>\n<p>Esta acci\u00f3n est\u00e1 alineada a la visi\u00f3n del Gobernador del Estado, Eduardo Ram\u00edrez Aguilar, quien ha se\u00f1alado: \u00abSer polic\u00eda en Chiapas ser\u00e1 motivo de orgullo, y portar el uniforme ser\u00e1 un alto honor para que el pueblo deposite en ellos su confianza, su seguridad personal, familiar y patrimonial.\u00bb<\/p>\n<p>&nbsp;<\/p>\n<p>Asimismo, se da cumplimiento al eje estrat\u00e9gico del Plan Chiapas Transformador, que establece: \u00abPara construir la paz social que Chiapas tanto necesita, se deben profesionalizar nuestras fuerzas del orden y dotarlas de equipamiento de primera calidad.\u00bb<\/p>\n<p>&nbsp;<\/p>\n<p>Desde Ju\u00e1rez seguimos fortaleciendo a quienes con valent\u00eda cuidan de nosotros. Porque la seguridad no se presume, se construye con hechos.<\/p>\n<p>&nbsp;<\/p>\n<p>#HumanismoQueTransforma<\/p>\n<p>&nbsp;<\/p>\n","protected":false},"excerpt":{"rendered":"<p>&nbsp; El Gobierno Municipal de Ju\u00e1rez, Chiapas, que encabeza el Presidente \u00d3scar Serra Cantoral, reafirma&#8230;<\/p>\n","protected":false},"author":2,"featured_media":31909,"comment_status":"closed","ping_status":"closed","sticky":false,"template":"","format":"standard","meta":{"_joinchat":[],"footnotes":""},"categories":[18,1,2,3],"tags":[],"class_list":["post-31908","post","type-post","status-publish","format-standard","has-post-thumbnail","hentry","category-almomento","category-boletin","category-estado","category-health"],"_links":{"self":[{"href":"https:\/\/icoinformativo.mx\/home\/index.php?rest_route=\/wp\/v2\/posts\/31908","targetHints":{"allow":["GET"]}}],"collection":[{"href":"https:\/\/icoinformativo.mx\/home\/index.php?rest_route=\/wp\/v2\/posts"}],"about":[{"href":"https:\/\/icoinformativo.mx\/home\/index.php?rest_route=\/wp\/v2\/types\/post"}],"author":[{"embeddable":true,"href":"https:\/\/icoinformativo.mx\/home\/index.php?rest_route=\/wp\/v2\/users\/2"}],"replies":[{"embeddable":true,"href":"https:\/\/icoinformativo.mx\/home\/index.php?rest_route=%2Fwp%2Fv2%2Fcomments&post=31908"}],"version-history":[{"count":1,"href":"https:\/\/icoinformativo.mx\/home\/index.php?rest_route=\/wp\/v2\/posts\/31908\/revisions"}],"predecessor-version":[{"id":31910,"href":"https:\/\/icoinformativo.mx\/home\/index.php?rest_route=\/wp\/v2\/posts\/31908\/revisions\/31910"}],"wp:featuredmedia":[{"embeddable":true,"href":"https:\/\/icoinformativo.mx\/home\/index.php?rest_route=\/wp\/v2\/media\/31909"}],"wp:attachment":[{"href":"https:\/\/icoinformativo.mx\/home\/index.php?rest_route=%2Fwp%2Fv2%2Fmedia&parent=31908"}],"wp:term":[{"taxonomy":"category","embeddable":true,"href":"https:\/\/icoinformativo.mx\/home\/index.php?rest_route=%2Fwp%2Fv2%2Fcategories&post=31908"},{"taxonomy":"post_tag","embeddable":true,"href":"https:\/\/icoinformativo.mx\/home\/index.php?rest_route=%2Fwp%2Fv2%2Ftags&post=31908"}],"curies":[{"name":"wp","href":"https:\/\/api.w.org\/{rel}","templated":true}]}}