{"id":31902,"date":"2025-03-26T03:02:55","date_gmt":"2025-03-26T03:02:55","guid":{"rendered":"https:\/\/icoinformativo.mx\/home\/?p=31902"},"modified":"2025-03-26T03:02:55","modified_gmt":"2025-03-26T03:02:55","slug":"inauguracion-de-la-5ta-jornada-estatal-snte","status":"publish","type":"post","link":"https:\/\/icoinformativo.mx\/home\/?p=31902","title":{"rendered":"Inauguraci\u00f3n de la 5ta Jornada Estatal SNTE"},"content":{"rendered":"<p>&nbsp;<\/p>\n<p>El Secretario Municipal, Lic. V\u00edctor Hugo Ruiz Casanova, en representaci\u00f3n del alcalde, Mtro. Andr\u00e9s Carballo C\u00f3rdova, asisti\u00f3 a la inauguraci\u00f3n de la 5ta Jornada Estatal de Encuentros Deportivos, Art\u00edsticos y Culturales de la secci\u00f3n 40 del SNTE.<\/p>\n<p>&nbsp;<\/p>\n<p>Este evento tiene como prop\u00f3sito promover acciones que fortalezcan la cercan\u00eda, la interacci\u00f3n, la convivencia y la unidad, adem\u00e1s de incentivar la cultura, el deporte y el bienestar entre los participantes.<\/p>\n<p>&nbsp;<\/p>\n<p>Entre las actividades programadas para esta concentraci\u00f3n destacan los deportes de f\u00fatbol, b\u00e1squetbol, v\u00f3leibol y atletismo, en ambas categor\u00edas: varonil y femenil. Estas competencias se llevar\u00e1n a cabo en la Unidad Deportiva.<\/p>\n<p>Por la tarde, a partir de las 5:00 pm, el Auditorio Municipal ser\u00e1 el escenario de eventos culturales que incluyen presentaciones de oratoria y bailables. Estas actividades tendr\u00e1n lugar hoy, 25 de marzo, y continuar\u00e1n ma\u00f1ana, 26 de marzo.<\/p>\n<p>&nbsp;<\/p>\n<p>Durante la inauguraci\u00f3n del evento, se cont\u00f3 con la destacada presencia de la Profa. Doyma Ochoa Bautista, Secretaria de Finanzas del SNTE, quien asisti\u00f3 en representaci\u00f3n del Secretario General de la Secci\u00f3n 40 del SNTE, Oved Balderas Tovilla. Asimismo, estuvieron presentes diversas autoridades educativas, entre ellas supervisores y jefes de sector, la Delegada de Educaci\u00f3n y el Delegado de Deporte, entre otros.<\/p>\n<p>&nbsp;<\/p>\n<p>#Pichucalco #AccionesQueContribuyenAlCambio #EncuentrosDeportivos<\/p>\n","protected":false},"excerpt":{"rendered":"<p>&nbsp; El Secretario Municipal, Lic. V\u00edctor Hugo Ruiz Casanova, en representaci\u00f3n del alcalde, Mtro. Andr\u00e9s&#8230;<\/p>\n","protected":false},"author":2,"featured_media":31903,"comment_status":"closed","ping_status":"closed","sticky":false,"template":"","format":"standard","meta":{"_joinchat":[],"footnotes":""},"categories":[18,1,2,3],"tags":[],"class_list":["post-31902","post","type-post","status-publish","format-standard","has-post-thumbnail","hentry","category-almomento","category-boletin","category-estado","category-health"],"_links":{"self":[{"href":"https:\/\/icoinformativo.mx\/home\/index.php?rest_route=\/wp\/v2\/posts\/31902","targetHints":{"allow":["GET"]}}],"collection":[{"href":"https:\/\/icoinformativo.mx\/home\/index.php?rest_route=\/wp\/v2\/posts"}],"about":[{"href":"https:\/\/icoinformativo.mx\/home\/index.php?rest_route=\/wp\/v2\/types\/post"}],"author":[{"embeddable":true,"href":"https:\/\/icoinformativo.mx\/home\/index.php?rest_route=\/wp\/v2\/users\/2"}],"replies":[{"embeddable":true,"href":"https:\/\/icoinformativo.mx\/home\/index.php?rest_route=%2Fwp%2Fv2%2Fcomments&post=31902"}],"version-history":[{"count":1,"href":"https:\/\/icoinformativo.mx\/home\/index.php?rest_route=\/wp\/v2\/posts\/31902\/revisions"}],"predecessor-version":[{"id":31904,"href":"https:\/\/icoinformativo.mx\/home\/index.php?rest_route=\/wp\/v2\/posts\/31902\/revisions\/31904"}],"wp:featuredmedia":[{"embeddable":true,"href":"https:\/\/icoinformativo.mx\/home\/index.php?rest_route=\/wp\/v2\/media\/31903"}],"wp:attachment":[{"href":"https:\/\/icoinformativo.mx\/home\/index.php?rest_route=%2Fwp%2Fv2%2Fmedia&parent=31902"}],"wp:term":[{"taxonomy":"category","embeddable":true,"href":"https:\/\/icoinformativo.mx\/home\/index.php?rest_route=%2Fwp%2Fv2%2Fcategories&post=31902"},{"taxonomy":"post_tag","embeddable":true,"href":"https:\/\/icoinformativo.mx\/home\/index.php?rest_route=%2Fwp%2Fv2%2Ftags&post=31902"}],"curies":[{"name":"wp","href":"https:\/\/api.w.org\/{rel}","templated":true}]}}