{"id":31898,"date":"2025-03-26T02:59:31","date_gmt":"2025-03-26T02:59:31","guid":{"rendered":"https:\/\/icoinformativo.mx\/home\/?p=31898"},"modified":"2025-03-26T02:59:58","modified_gmt":"2025-03-26T02:59:58","slug":"firma-de-convenio-con-icatech","status":"publish","type":"post","link":"https:\/\/icoinformativo.mx\/home\/?p=31898","title":{"rendered":"Firma de convenio con ICATECH\u00a0"},"content":{"rendered":"<p style=\"text-align: left;\">\n<p>El Presidente Municipal de Pichucalco, Mtro. Andr\u00e9s Carballo C\u00f3rdova, acompa\u00f1ado por la Presidenta del DIF Municipal, Lic. Ana Karen Castillo Bibiloni, asistieron a la firma del convenio de colaboraci\u00f3n con el Instituto de Capacitaci\u00f3n y Vinculaci\u00f3n Tecnol\u00f3gica del Estado de Chiapas (ICATECH).<\/p>\n<p>&nbsp;<\/p>\n<p>Un evento que marca un paso significativo hacia el fortalecimiento de las capacidades y habilidades de los ciudadanos.<\/p>\n<p>&nbsp;<\/p>\n<p>Este importante acto, celebrado en la ciudad de Reforma, cont\u00f3 con la presencia del Dr. C\u00e9sar Arturo Espinoza Morales, Director General del ICATECH, quien destac\u00f3 la relevancia de este convenio como una herramienta clave para impulsar el crecimiento personal y profesional de la comunidad.<\/p>\n<p>&nbsp;<\/p>\n<p>Los cursos ofrecidos por el ICATECH abren puertas para transformar la calidad de vida de los habitantes, brind\u00e1ndoles conocimientos y herramientas que les permitir\u00e1n afrontar nuevos retos con mayor preparaci\u00f3n y confianza.<\/p>\n<p>&nbsp;<\/p>\n<p>Este esfuerzo conjunto representa un compromiso s\u00f3lido con el desarrollo, la educaci\u00f3n y el bienestar de nuestra gente.<\/p>\n<p>&nbsp;<\/p>\n<p>&nbsp;<\/p>\n","protected":false},"excerpt":{"rendered":"<p>El Presidente Municipal de Pichucalco, Mtro. Andr\u00e9s Carballo C\u00f3rdova, acompa\u00f1ado por la Presidenta del DIF&#8230;<\/p>\n","protected":false},"author":2,"featured_media":31899,"comment_status":"closed","ping_status":"closed","sticky":false,"template":"","format":"standard","meta":{"_joinchat":[],"footnotes":""},"categories":[18,1,2,3],"tags":[],"class_list":["post-31898","post","type-post","status-publish","format-standard","has-post-thumbnail","hentry","category-almomento","category-boletin","category-estado","category-health"],"_links":{"self":[{"href":"https:\/\/icoinformativo.mx\/home\/index.php?rest_route=\/wp\/v2\/posts\/31898","targetHints":{"allow":["GET"]}}],"collection":[{"href":"https:\/\/icoinformativo.mx\/home\/index.php?rest_route=\/wp\/v2\/posts"}],"about":[{"href":"https:\/\/icoinformativo.mx\/home\/index.php?rest_route=\/wp\/v2\/types\/post"}],"author":[{"embeddable":true,"href":"https:\/\/icoinformativo.mx\/home\/index.php?rest_route=\/wp\/v2\/users\/2"}],"replies":[{"embeddable":true,"href":"https:\/\/icoinformativo.mx\/home\/index.php?rest_route=%2Fwp%2Fv2%2Fcomments&post=31898"}],"version-history":[{"count":2,"href":"https:\/\/icoinformativo.mx\/home\/index.php?rest_route=\/wp\/v2\/posts\/31898\/revisions"}],"predecessor-version":[{"id":31901,"href":"https:\/\/icoinformativo.mx\/home\/index.php?rest_route=\/wp\/v2\/posts\/31898\/revisions\/31901"}],"wp:featuredmedia":[{"embeddable":true,"href":"https:\/\/icoinformativo.mx\/home\/index.php?rest_route=\/wp\/v2\/media\/31899"}],"wp:attachment":[{"href":"https:\/\/icoinformativo.mx\/home\/index.php?rest_route=%2Fwp%2Fv2%2Fmedia&parent=31898"}],"wp:term":[{"taxonomy":"category","embeddable":true,"href":"https:\/\/icoinformativo.mx\/home\/index.php?rest_route=%2Fwp%2Fv2%2Fcategories&post=31898"},{"taxonomy":"post_tag","embeddable":true,"href":"https:\/\/icoinformativo.mx\/home\/index.php?rest_route=%2Fwp%2Fv2%2Ftags&post=31898"}],"curies":[{"name":"wp","href":"https:\/\/api.w.org\/{rel}","templated":true}]}}