{"id":31895,"date":"2025-03-26T02:55:47","date_gmt":"2025-03-26T02:55:47","guid":{"rendered":"https:\/\/icoinformativo.mx\/home\/?p=31895"},"modified":"2025-03-26T02:55:47","modified_gmt":"2025-03-26T02:55:47","slug":"eduardo-ramirez-fortalece-a-la-unicach-con-obras-y-mayor-conectividad-para-estudiantes","status":"publish","type":"post","link":"https:\/\/icoinformativo.mx\/home\/?p=31895","title":{"rendered":"Eduardo Ram\u00edrez fortalece a la Unicach con obras y mayor conectividad para estudiantes"},"content":{"rendered":"<p>&nbsp;<\/p>\n<p>Este martes, la Universidad de Ciencias y Artes de Chiapas (Unicach), de Tuxtla Guti\u00e9rrez, se transform\u00f3 en un espacio lleno de entusiasmo y energ\u00eda, reflejada en las sonrisas y miradas de la comunidad universitaria que recibi\u00f3 al gobernador Eduardo Ram\u00edrez Aguilar para inaugurar el edificio de la Unidad de Investigaci\u00f3n Multidisciplinaria.<\/p>\n<p>El mandatario, acompa\u00f1ado de la rectora de la Unicach, Fanny L\u00f3pez Jim\u00e9nez, recorri\u00f3 las modernas y renovadas instalaciones de esta hist\u00f3rica instituci\u00f3n educativa, que ahora brinda a las y los estudiantes espacios seguros y funcionales para fortalecer su formaci\u00f3n acad\u00e9mica y contribuir al cuidado ambiental y desarrollo de Chiapas.<\/p>\n<p>&nbsp;<\/p>\n<p>Las y los estudiantes de diversas licenciaturas y especialidades acompa\u00f1aron en el Teatro Universitario al gobernador en el cumplimiento de su compromiso: la entrega de chips con telefon\u00eda e Internet gratuitos, como parte del Programa Conecta Chiapas. Esta iniciativa garantiza su derecho a la conectividad, indispensable para sus estudios, adem\u00e1s de representar un apoyo a la econom\u00eda familiar.<\/p>\n<p>&nbsp;<\/p>\n<p>Entre muestras de afecto, agradecimiento y confianza por parte del alumnado, Eduardo Ram\u00edrez destac\u00f3 que el gobierno de la Nueva ERA trabaja todos los d\u00edas para que la juventud chiapaneca viva en un entorno de paz y bienestar, con acceso a las herramientas necesarias para construir un mejor futuro y alcanzar sus metas profesionales y personales.<\/p>\n<p>&nbsp;<\/p>\n<p>Asimismo, reconoci\u00f3 el esfuerzo de madres y padres de familia que acompa\u00f1an y apoyan a sus hijas e hijos en su camino acad\u00e9mico, e invit\u00f3 a las y los j\u00f3venes a prepararse con dedicaci\u00f3n y enfrentar cada reto con car\u00e1cter, confianza y determinaci\u00f3n.<\/p>\n<p>&nbsp;<\/p>\n<p>\u00abUstedes ser\u00e1n los pr\u00f3ximos l\u00edderes sociales, pol\u00edticos y econ\u00f3micos de Chiapas. El conocimiento solo vale si se pone al servicio de la sociedad. Por eso, ante cualquier adversidad, saquen el car\u00e1cter. El \u00e9xito radica en tener el valor de ser. Si cuentan con ese valor, no ver\u00e1n obst\u00e1culos sino oportunidades para superar desaf\u00edos. Si van a ser cirujanos, odont\u00f3logos, creadores, licenciados en gastronom\u00eda o cualquier otra profesi\u00f3n, asuman su vocaci\u00f3n con firmeza y pasi\u00f3n\u00bb, expres\u00f3.<\/p>\n<p>Por su parte, la rectora Fanny L\u00f3pez Jim\u00e9nez sostuvo que la entrega de apoyos del Programa Conecta Chiapas y la inauguraci\u00f3n de la Unidad de Investigaci\u00f3n Multidisciplinaria reflejan el compromiso del gobierno estatal por mejorar las condiciones acad\u00e9micas de la juventud, fortalecer la investigaci\u00f3n y promover el desarrollo educativo a trav\u00e9s de la ciencia, la tecnolog\u00eda y el humanismo.<\/p>\n<p>&nbsp;<\/p>\n<p>A su vez, el director general del Instituto de la Infraestructura F\u00edsica Educativa del Estado de Chiapas (Inifech), Carlos Ildelfonso Jim\u00e9nez Trujillo, inform\u00f3 que en la Unidad de Investigaci\u00f3n Multidisciplinaria se invirtieron recursos importantes para la construcci\u00f3n de ocho laboratorios, un aula did\u00e1ctica, dos servicios sanitarios y \u00e1reas exteriores, adem\u00e1s de la dotaci\u00f3n de mobiliario que incluye 100 bancos giratorios, 85 sillas, 18 sillones, nueve pizarrones y ocho mesas de laboratorio.<\/p>\n<p>&nbsp;<\/p>\n<p>El secretario del Humanismo, Francisco Chac\u00f3n S\u00e1nchez, destac\u00f3 que, una vez m\u00e1s, se confirma el compromiso del gobernador Eduardo Ram\u00edrez con la juventud, a trav\u00e9s de estos apoyos que contribuyen a la econom\u00eda familiar y representan una herramienta clave para la formaci\u00f3n acad\u00e9mica. \u201cEl objetivo principal es que ning\u00fan joven se quede atr\u00e1s por falta de oportunidades\u201d, subray\u00f3.<\/p>\n<p>&nbsp;<\/p>\n<p>En representaci\u00f3n de la comunidad universitaria, la estudiante de M\u00fasica, Sheila Garavita, agradeci\u00f3 al gobernador por el apoyo del Programa Conecta Chiapas, ya que significa un alivio econ\u00f3mico y una herramienta que facilitar\u00e1 la participaci\u00f3n en clases en l\u00ednea, la entrega de trabajos y mantenerse comunicados. \u201cNos comprometemos a utilizarla de manera responsable para convertirnos en profesionales que contribuyan a una mejor sociedad\u201d, expres\u00f3.<\/p>\n<p>&nbsp;<\/p>\n<p>Acompa\u00f1aron al gobernador, el presidente del Tribunal Superior de Justicia del Estado, Juan Carlos Moreno Guill\u00e9n; el presidente de la Mesa Directiva del Congreso del Estado, Luis Ignacio Avenda\u00f1o Berm\u00fadez; el secretario acad\u00e9mico de la Unicach, Enrique P\u00e9rez L\u00f3pez; y el alcalde de Tuxtla Guti\u00e9rrez, Angel Torres Culebro.<\/p>\n<p>&nbsp;<\/p>\n<p>Tambi\u00e9n estuvieron presentes, el secretario general de la Unicach, Hugo Armand Aguilar; las diputadas locales Alejandra G\u00f3mez Mendoza, Mar\u00eda Mandiola Totoricaguena, Marcela Castillo Atristain y Getseman\u00ed Moreno Mart\u00ednez; as\u00ed como el director general del Instituto de la Juventud, Edgar Alejandro Abarca Palma, entre otros.<\/p>\n","protected":false},"excerpt":{"rendered":"<p>&nbsp; Este martes, la Universidad de Ciencias y Artes de Chiapas (Unicach), de Tuxtla Guti\u00e9rrez,&#8230;<\/p>\n","protected":false},"author":2,"featured_media":31896,"comment_status":"closed","ping_status":"closed","sticky":false,"template":"","format":"standard","meta":{"_joinchat":[],"footnotes":""},"categories":[18,1,2,3],"tags":[],"class_list":["post-31895","post","type-post","status-publish","format-standard","has-post-thumbnail","hentry","category-almomento","category-boletin","category-estado","category-health"],"_links":{"self":[{"href":"https:\/\/icoinformativo.mx\/home\/index.php?rest_route=\/wp\/v2\/posts\/31895","targetHints":{"allow":["GET"]}}],"collection":[{"href":"https:\/\/icoinformativo.mx\/home\/index.php?rest_route=\/wp\/v2\/posts"}],"about":[{"href":"https:\/\/icoinformativo.mx\/home\/index.php?rest_route=\/wp\/v2\/types\/post"}],"author":[{"embeddable":true,"href":"https:\/\/icoinformativo.mx\/home\/index.php?rest_route=\/wp\/v2\/users\/2"}],"replies":[{"embeddable":true,"href":"https:\/\/icoinformativo.mx\/home\/index.php?rest_route=%2Fwp%2Fv2%2Fcomments&post=31895"}],"version-history":[{"count":1,"href":"https:\/\/icoinformativo.mx\/home\/index.php?rest_route=\/wp\/v2\/posts\/31895\/revisions"}],"predecessor-version":[{"id":31897,"href":"https:\/\/icoinformativo.mx\/home\/index.php?rest_route=\/wp\/v2\/posts\/31895\/revisions\/31897"}],"wp:featuredmedia":[{"embeddable":true,"href":"https:\/\/icoinformativo.mx\/home\/index.php?rest_route=\/wp\/v2\/media\/31896"}],"wp:attachment":[{"href":"https:\/\/icoinformativo.mx\/home\/index.php?rest_route=%2Fwp%2Fv2%2Fmedia&parent=31895"}],"wp:term":[{"taxonomy":"category","embeddable":true,"href":"https:\/\/icoinformativo.mx\/home\/index.php?rest_route=%2Fwp%2Fv2%2Fcategories&post=31895"},{"taxonomy":"post_tag","embeddable":true,"href":"https:\/\/icoinformativo.mx\/home\/index.php?rest_route=%2Fwp%2Fv2%2Ftags&post=31895"}],"curies":[{"name":"wp","href":"https:\/\/api.w.org\/{rel}","templated":true}]}}