{"id":31892,"date":"2025-03-26T02:51:02","date_gmt":"2025-03-26T02:51:02","guid":{"rendered":"https:\/\/icoinformativo.mx\/home\/?p=31892"},"modified":"2025-03-26T02:51:02","modified_gmt":"2025-03-26T02:51:02","slug":"salud-chiapas-impulsa-la-parteria-como-politica-publica-para-disminuir-la-muerte-materna","status":"publish","type":"post","link":"https:\/\/icoinformativo.mx\/home\/?p=31892","title":{"rendered":"Salud Chiapas impulsa la parter\u00eda como pol\u00edtica p\u00fablica para disminuir la muerte materna"},"content":{"rendered":"<p>&nbsp;<\/p>\n<p>\u00b7 El secretario de Salud del estado, Omar G\u00f3mez Cruz, encabez\u00f3 el Primer Encuentro con Parteras de Pueblos Originarios<\/p>\n<p>&nbsp;<\/p>\n<p>San Crist\u00f3bal de Las Casas, Chiapas; 25 de marzo de 2025.- Chiapas se pone a la vanguardia al impulsar la parter\u00eda como una pol\u00edtica p\u00fablica que impactar\u00e1 en la salud de la mujer, sobre todo en la disminuci\u00f3n de la muerte materna, esto con el apoyo de las m\u00e1s de 3 mil 600 parteras y parteros certificados de la entidad, destac\u00f3 el secretario de Salud del estado, Omar G\u00f3mez Cruz, durante el Primer Encuentro con Parteras de Pueblos Originarios.<\/p>\n<p>&nbsp;<\/p>\n<p>El encargado de la pol\u00edtica sanitaria en la Nueva Era resalt\u00f3 que teniendo al frente de esta administraci\u00f3n a Eduardo Ram\u00edrez Aguilar, un hombre con valores humanistas e inclusivos, nadie se quedar\u00e1 afuera, al contrario, con la visi\u00f3n de la medicina social se pretende llegar a cada rinc\u00f3n de Chiapas, principalmente de la poblaci\u00f3n m\u00e1s vulnerable.<\/p>\n<p>&nbsp;<\/p>\n<p>Mencion\u00f3 que este primer encuentro sirvi\u00f3 para capacitar a parteras y parteros de las regiones Altos Tsotsil-Tseltal y Meseta Comiteca Tojolabal, quienes fungen como el primer contacto con la poblaci\u00f3n de los pueblos originarios y coadyuvan a salvar la vida del binomio madre e hijo. Para tal efecto, se cont\u00f3 con el apoyo de las principales universidades del estado, la Universidad Aut\u00f3noma de Chiapas y la Universidad Intercultural, que otorgar\u00e1n un reconocimiento universitario como lo marca la reci\u00e9n aprobada Norma Oficial de Profesionalizaci\u00f3n de Parteras.<\/p>\n<p>&nbsp;<\/p>\n<p>En el evento estuvieron presentes la secretaria de Pueblos Ind\u00edgenas, Leticia M\u00e9ndez Intzin; la subsecretaria de Igualdad e Inclusi\u00f3n de G\u00e9nero, Marian V\u00e1zquez Gonz\u00e1lez; la titular del Instituto de Administraci\u00f3n P\u00fablica, Lysette Raquel Lameiro Camacho; y las parteras Sebastiana G\u00f3mez Jim\u00e9nez y Ana Patricia Alfaro Guill\u00e9n.<\/p>\n<p>&nbsp;<\/p>\n","protected":false},"excerpt":{"rendered":"<p>&nbsp; \u00b7 El secretario de Salud del estado, Omar G\u00f3mez Cruz, encabez\u00f3 el Primer Encuentro&#8230;<\/p>\n","protected":false},"author":2,"featured_media":31893,"comment_status":"closed","ping_status":"closed","sticky":false,"template":"","format":"standard","meta":{"_joinchat":[],"footnotes":""},"categories":[18,1,2,3],"tags":[],"class_list":["post-31892","post","type-post","status-publish","format-standard","has-post-thumbnail","hentry","category-almomento","category-boletin","category-estado","category-health"],"_links":{"self":[{"href":"https:\/\/icoinformativo.mx\/home\/index.php?rest_route=\/wp\/v2\/posts\/31892","targetHints":{"allow":["GET"]}}],"collection":[{"href":"https:\/\/icoinformativo.mx\/home\/index.php?rest_route=\/wp\/v2\/posts"}],"about":[{"href":"https:\/\/icoinformativo.mx\/home\/index.php?rest_route=\/wp\/v2\/types\/post"}],"author":[{"embeddable":true,"href":"https:\/\/icoinformativo.mx\/home\/index.php?rest_route=\/wp\/v2\/users\/2"}],"replies":[{"embeddable":true,"href":"https:\/\/icoinformativo.mx\/home\/index.php?rest_route=%2Fwp%2Fv2%2Fcomments&post=31892"}],"version-history":[{"count":1,"href":"https:\/\/icoinformativo.mx\/home\/index.php?rest_route=\/wp\/v2\/posts\/31892\/revisions"}],"predecessor-version":[{"id":31894,"href":"https:\/\/icoinformativo.mx\/home\/index.php?rest_route=\/wp\/v2\/posts\/31892\/revisions\/31894"}],"wp:featuredmedia":[{"embeddable":true,"href":"https:\/\/icoinformativo.mx\/home\/index.php?rest_route=\/wp\/v2\/media\/31893"}],"wp:attachment":[{"href":"https:\/\/icoinformativo.mx\/home\/index.php?rest_route=%2Fwp%2Fv2%2Fmedia&parent=31892"}],"wp:term":[{"taxonomy":"category","embeddable":true,"href":"https:\/\/icoinformativo.mx\/home\/index.php?rest_route=%2Fwp%2Fv2%2Fcategories&post=31892"},{"taxonomy":"post_tag","embeddable":true,"href":"https:\/\/icoinformativo.mx\/home\/index.php?rest_route=%2Fwp%2Fv2%2Ftags&post=31892"}],"curies":[{"name":"wp","href":"https:\/\/api.w.org\/{rel}","templated":true}]}}