{"id":31889,"date":"2025-03-26T02:42:05","date_gmt":"2025-03-26T02:42:05","guid":{"rendered":"https:\/\/icoinformativo.mx\/home\/?p=31889"},"modified":"2025-03-26T02:42:05","modified_gmt":"2025-03-26T02:42:05","slug":"isstech-pone-en-marcha-la-segunda-etapa-de-la-campana-la-nueva-era-de-la-salud-visual","status":"publish","type":"post","link":"https:\/\/icoinformativo.mx\/home\/?p=31889","title":{"rendered":"Isstech pone en marcha la segunda etapa de la campa\u00f1a \u201cLa Nueva ERA de la Salud Visual\u201d"},"content":{"rendered":"<p>&nbsp;<\/p>\n<p>\u00b7 Se realiz\u00f3 en el domo del Isstech, en beneficio de la poblaci\u00f3n afiliada<\/p>\n<p>&nbsp;<\/p>\n<p>El Instituto de Seguridad Social de los Trabajadores del Estado de Chiapas (Isstech), encabezado por Armando Barrios Fierro, dio inicio con gran \u00e9xito a la segunda etapa de la campa\u00f1a estatal \u201cLa Nueva ERA de la Salud Visual\u201d, iniciativa que tiene como objetivo proporcionar asesoramiento m\u00e9dico, ex\u00e1menes de la vista y lentes a la poblaci\u00f3n afiliada.<\/p>\n<p>&nbsp;<\/p>\n<p>La campa\u00f1a, que en su primera etapa tuvo como sede el Hospital de Especialidades \u201cVida Mejor\u201d, se realiza ahora en su segunda etapa en el Centro Deportivo y Cultural \u201cDomo del Isstech\u201d, con el prop\u00f3sito de fortalecer la cobertura y calidad de los servicios para la detecci\u00f3n temprana de problemas visuales, al ofrecer soluciones adecuadas para cada caso.<\/p>\n<p>&nbsp;<\/p>\n<p>Desde la llegada de Barrios Fierro, el Isstech ha consolidado y reiterado su compromiso con la salud y bienestar de los derechohabientes, basado en la importancia de la medicina preventiva, y en este caso, la atenci\u00f3n oportuna en materia de salud visual.<\/p>\n<p>&nbsp;<\/p>\n<p>\u201cLa Nueva Era de la Salud Visual\u201d estar\u00e1 recorriendo las diferentes cl\u00ednicas y hospitales con los que cuenta el instituto, para llevar esta campa\u00f1a a la comunidad afiliada en toda la geograf\u00eda del estado.<\/p>\n<p>&nbsp;<\/p>\n<p>Por lo tanto, se invita a la poblaci\u00f3n derechohabiente a que est\u00e9n atentos a las diversas redes sociales para identificar cu\u00e1ndo llegar\u00e1 a los municipios beneficiados.<\/p>\n<p>&nbsp;<\/p>\n","protected":false},"excerpt":{"rendered":"<p>&nbsp; \u00b7 Se realiz\u00f3 en el domo del Isstech, en beneficio de la poblaci\u00f3n afiliada&#8230;<\/p>\n","protected":false},"author":2,"featured_media":31890,"comment_status":"closed","ping_status":"closed","sticky":false,"template":"","format":"standard","meta":{"_joinchat":[],"footnotes":""},"categories":[18,1,2,3],"tags":[],"class_list":["post-31889","post","type-post","status-publish","format-standard","has-post-thumbnail","hentry","category-almomento","category-boletin","category-estado","category-health"],"_links":{"self":[{"href":"https:\/\/icoinformativo.mx\/home\/index.php?rest_route=\/wp\/v2\/posts\/31889","targetHints":{"allow":["GET"]}}],"collection":[{"href":"https:\/\/icoinformativo.mx\/home\/index.php?rest_route=\/wp\/v2\/posts"}],"about":[{"href":"https:\/\/icoinformativo.mx\/home\/index.php?rest_route=\/wp\/v2\/types\/post"}],"author":[{"embeddable":true,"href":"https:\/\/icoinformativo.mx\/home\/index.php?rest_route=\/wp\/v2\/users\/2"}],"replies":[{"embeddable":true,"href":"https:\/\/icoinformativo.mx\/home\/index.php?rest_route=%2Fwp%2Fv2%2Fcomments&post=31889"}],"version-history":[{"count":1,"href":"https:\/\/icoinformativo.mx\/home\/index.php?rest_route=\/wp\/v2\/posts\/31889\/revisions"}],"predecessor-version":[{"id":31891,"href":"https:\/\/icoinformativo.mx\/home\/index.php?rest_route=\/wp\/v2\/posts\/31889\/revisions\/31891"}],"wp:featuredmedia":[{"embeddable":true,"href":"https:\/\/icoinformativo.mx\/home\/index.php?rest_route=\/wp\/v2\/media\/31890"}],"wp:attachment":[{"href":"https:\/\/icoinformativo.mx\/home\/index.php?rest_route=%2Fwp%2Fv2%2Fmedia&parent=31889"}],"wp:term":[{"taxonomy":"category","embeddable":true,"href":"https:\/\/icoinformativo.mx\/home\/index.php?rest_route=%2Fwp%2Fv2%2Fcategories&post=31889"},{"taxonomy":"post_tag","embeddable":true,"href":"https:\/\/icoinformativo.mx\/home\/index.php?rest_route=%2Fwp%2Fv2%2Ftags&post=31889"}],"curies":[{"name":"wp","href":"https:\/\/api.w.org\/{rel}","templated":true}]}}