{"id":31886,"date":"2025-03-26T02:34:56","date_gmt":"2025-03-26T02:34:56","guid":{"rendered":"https:\/\/icoinformativo.mx\/home\/?p=31886"},"modified":"2025-03-26T02:34:56","modified_gmt":"2025-03-26T02:34:56","slug":"chiapas-listo-para-recibir-el-macro-regional-de-basquetbol","status":"publish","type":"post","link":"https:\/\/icoinformativo.mx\/home\/?p=31886","title":{"rendered":"Chiapas, listo para recibir el Macro Regional de B\u00e1squetbol"},"content":{"rendered":"<p>&nbsp;<\/p>\n<p>\u00b7 Se defini\u00f3 a Ca\u00f1a Hueca, Auditorio Municipal, Cobach 13 y Auditorio del Indeporte como sedes del evento<\/p>\n<p>\u00b7 Adona\u00ed S\u00e1nchez Osorio y su equipo de trabajo definieron los \u00faltimos detalles para recibir a las 12 delegaciones participantes<\/p>\n<p>&nbsp;<\/p>\n<p>&nbsp;<\/p>\n<p>Chiapas se declara listo para recibir a los m\u00e1s de mil 100 participantes al Macro Regional de B\u00e1squetbol que se llevar\u00e1 a cabo del 27 al 30 de marzo en diferentes escenarios de Tuxtla Guti\u00e9rrez.<\/p>\n<p>&nbsp;<\/p>\n<p>Para ello, el director general del Instituto del Deporte (Indeporte), Adona\u00ed S\u00e1nchez Osorio, acompa\u00f1ado por Ferm\u00edn Carrasco Gonz\u00e1lez, director de Alto Rendimiento y Carlos Mario Mart\u00ednez del Solar, presidente de la Asociaci\u00f3n Deportiva Mexicana de B\u00e1squetbol (Ademeba Chiapas) y su equipo de trabajo, defini\u00f3 los \u00faltimos detalles para la participaci\u00f3n de las 10 entidades y los representativos del Instituto Mexicano del Seguro Social (IMSS), y Universidad Aut\u00f3noma de Chiapas (Unach).<\/p>\n<p>&nbsp;<\/p>\n<p>En la reuni\u00f3n de trabajo en las instalaciones del Indeporte, S\u00e1nchez Osorio se\u00f1al\u00f3 que las sedes para este Macro Regional son: el Parque Deportivo y Recreativo Ca\u00f1a Hueca, el Auditorio Municipal \u201cEfra\u00edn Fern\u00e1ndez Castillejos\u201d, Colegio de Bachilleres de Chiapas (Cobach) plantel 13 y Auditorio \u201cHumanismo que Transforma\u201d del Indeporte.<\/p>\n<p>&nbsp;<\/p>\n<p>Finalmente, se inform\u00f3 que inauguraci\u00f3n se realizar\u00e1 el viernes 28 de marzo a las 10:00 de la ma\u00f1ana en el Indeporte.<\/p>\n<p>&nbsp;<\/p>\n","protected":false},"excerpt":{"rendered":"<p>&nbsp; \u00b7 Se defini\u00f3 a Ca\u00f1a Hueca, Auditorio Municipal, Cobach 13 y Auditorio del Indeporte&#8230;<\/p>\n","protected":false},"author":2,"featured_media":31887,"comment_status":"closed","ping_status":"closed","sticky":false,"template":"","format":"standard","meta":{"_joinchat":[],"footnotes":""},"categories":[18,1,2],"tags":[],"class_list":["post-31886","post","type-post","status-publish","format-standard","has-post-thumbnail","hentry","category-almomento","category-boletin","category-estado"],"_links":{"self":[{"href":"https:\/\/icoinformativo.mx\/home\/index.php?rest_route=\/wp\/v2\/posts\/31886","targetHints":{"allow":["GET"]}}],"collection":[{"href":"https:\/\/icoinformativo.mx\/home\/index.php?rest_route=\/wp\/v2\/posts"}],"about":[{"href":"https:\/\/icoinformativo.mx\/home\/index.php?rest_route=\/wp\/v2\/types\/post"}],"author":[{"embeddable":true,"href":"https:\/\/icoinformativo.mx\/home\/index.php?rest_route=\/wp\/v2\/users\/2"}],"replies":[{"embeddable":true,"href":"https:\/\/icoinformativo.mx\/home\/index.php?rest_route=%2Fwp%2Fv2%2Fcomments&post=31886"}],"version-history":[{"count":1,"href":"https:\/\/icoinformativo.mx\/home\/index.php?rest_route=\/wp\/v2\/posts\/31886\/revisions"}],"predecessor-version":[{"id":31888,"href":"https:\/\/icoinformativo.mx\/home\/index.php?rest_route=\/wp\/v2\/posts\/31886\/revisions\/31888"}],"wp:featuredmedia":[{"embeddable":true,"href":"https:\/\/icoinformativo.mx\/home\/index.php?rest_route=\/wp\/v2\/media\/31887"}],"wp:attachment":[{"href":"https:\/\/icoinformativo.mx\/home\/index.php?rest_route=%2Fwp%2Fv2%2Fmedia&parent=31886"}],"wp:term":[{"taxonomy":"category","embeddable":true,"href":"https:\/\/icoinformativo.mx\/home\/index.php?rest_route=%2Fwp%2Fv2%2Fcategories&post=31886"},{"taxonomy":"post_tag","embeddable":true,"href":"https:\/\/icoinformativo.mx\/home\/index.php?rest_route=%2Fwp%2Fv2%2Ftags&post=31886"}],"curies":[{"name":"wp","href":"https:\/\/api.w.org\/{rel}","templated":true}]}}