{"id":31880,"date":"2025-03-26T02:25:33","date_gmt":"2025-03-26T02:25:33","guid":{"rendered":"https:\/\/icoinformativo.mx\/home\/?p=31880"},"modified":"2025-03-26T02:25:33","modified_gmt":"2025-03-26T02:25:33","slug":"chiapas-un-estado-seguro-para-invertir-empresarios","status":"publish","type":"post","link":"https:\/\/icoinformativo.mx\/home\/?p=31880","title":{"rendered":"Chiapas, un estado seguro para invertir: empresarios"},"content":{"rendered":"<p>&nbsp;<\/p>\n<p>\u00b7 La secretaria de la Frontera Sur, Mar\u00eda Amalia Toriello Elorza, recibi\u00f3 a l\u00edderes empresariales del Gran Baj\u00edo<\/p>\n<p>\u00b7 Frontera Sur busca consolidar los Polos de Desarrollo del Bienestar con modelos exitosos e inversionistas nacionales e internacionales<\/p>\n<p>&nbsp;<\/p>\n<p>Tapachula, Chiapas.- Con la finalidad de hacer alianzas estrat\u00e9gicas y de cooperaci\u00f3n, la secretaria de la Frontera Sur, Mar\u00eda Amalia Toriello Elorza, junto con su equipo de trabajo de Planeaci\u00f3n y Desarrollo, dio la bienvenida a un equipo de inversionistas y l\u00edderes empresariales del Gran Baj\u00edo, para conocer todo lo concerniente a los Polos de Desarrollo del Bienestar y con ello desarrollar proyectos a corto, mediano y largo plazo.<\/p>\n<p>Toriello Elorza dio a conocer que, con esta visita de los empresarios, la Frontera Sur y Chiapas est\u00e1n listos para poder apuntalar con exportaciones y con mayor presencia comercial tanto nacional como extranjera, a trav\u00e9s del corredor interoce\u00e1nico.<\/p>\n<p>En el primer d\u00eda de la gira se recorrieron las instalaciones del Agroparque, el Recinto Fiscalizado Estrat\u00e9gico, la Administraci\u00f3n del Sistema Portuario Nacional y el Aeropuerto Internacional de Tapachula.<\/p>\n<p>Por su parte, el presidente de Kiin Energy y Solar Beat, Juan Eduardo Garc\u00eda Torres, dijo que ven en Puerto Chiapas una oportunidad de inversi\u00f3n que va de la mano con la suma de esfuerzos con los gobiernos federal y estatal, para poder hacer de esta zona una de las m\u00e1s competitivas con proyectos de desarrollo en electrificaci\u00f3n, transportes, industrias y todo lo que conlleve a un crecimiento econ\u00f3mico.<\/p>\n<p>Expres\u00f3 que, junto con los dem\u00e1s integrantes del Baj\u00edo, han recorrido de igual forma otras regiones del pa\u00eds, sin embargo \u201cChiapas es de gran inter\u00e9s por su riqueza en todos los sentidos, en donde podemos encontrar oportunidades que traigan m\u00e1s inversiones en beneficio de la regi\u00f3n\u201d.<\/p>\n<p>Durante esta jornada estuvieron presentes el director de Lintel Desarrollos Industriales de la Zona del Baj\u00edo, Ricardo Betancourt; el director de Siemens, Marco Cos\u00edo; del \u00e1rea de Desarrollo de Negocios Kiin Energy, Carlos Barrios G\u00f3mez; el secretario de Desarrollo Econ\u00f3mico del estado de Quer\u00e9taro, Marcelo L\u00f3pez.<\/p>\n<p>Adem\u00e1s del director ejecutivo de Lintel, Jacobo Gardea; el director de Relaciones P\u00fablicas y Gubernamentales del grupo Flecha Amarilla y Viva Aerob\u00fas, Rafael Herrera Roa; el director comercial corporativo del grupo Flecha Amarilla y Viva Aerob\u00fas, Juan Pablo Martin Yam\u00edn; as\u00ed tambi\u00e9n el director de vinculaci\u00f3n y proyectos nuevos del Baj\u00edo, Juan Jos\u00e9 Nieto.<\/p>\n<p>&nbsp;<\/p>\n","protected":false},"excerpt":{"rendered":"<p>&nbsp; \u00b7 La secretaria de la Frontera Sur, Mar\u00eda Amalia Toriello Elorza, recibi\u00f3 a l\u00edderes&#8230;<\/p>\n","protected":false},"author":2,"featured_media":31881,"comment_status":"closed","ping_status":"closed","sticky":false,"template":"","format":"standard","meta":{"_joinchat":[],"footnotes":""},"categories":[18,1,2,3],"tags":[],"class_list":["post-31880","post","type-post","status-publish","format-standard","has-post-thumbnail","hentry","category-almomento","category-boletin","category-estado","category-health"],"_links":{"self":[{"href":"https:\/\/icoinformativo.mx\/home\/index.php?rest_route=\/wp\/v2\/posts\/31880","targetHints":{"allow":["GET"]}}],"collection":[{"href":"https:\/\/icoinformativo.mx\/home\/index.php?rest_route=\/wp\/v2\/posts"}],"about":[{"href":"https:\/\/icoinformativo.mx\/home\/index.php?rest_route=\/wp\/v2\/types\/post"}],"author":[{"embeddable":true,"href":"https:\/\/icoinformativo.mx\/home\/index.php?rest_route=\/wp\/v2\/users\/2"}],"replies":[{"embeddable":true,"href":"https:\/\/icoinformativo.mx\/home\/index.php?rest_route=%2Fwp%2Fv2%2Fcomments&post=31880"}],"version-history":[{"count":1,"href":"https:\/\/icoinformativo.mx\/home\/index.php?rest_route=\/wp\/v2\/posts\/31880\/revisions"}],"predecessor-version":[{"id":31882,"href":"https:\/\/icoinformativo.mx\/home\/index.php?rest_route=\/wp\/v2\/posts\/31880\/revisions\/31882"}],"wp:featuredmedia":[{"embeddable":true,"href":"https:\/\/icoinformativo.mx\/home\/index.php?rest_route=\/wp\/v2\/media\/31881"}],"wp:attachment":[{"href":"https:\/\/icoinformativo.mx\/home\/index.php?rest_route=%2Fwp%2Fv2%2Fmedia&parent=31880"}],"wp:term":[{"taxonomy":"category","embeddable":true,"href":"https:\/\/icoinformativo.mx\/home\/index.php?rest_route=%2Fwp%2Fv2%2Fcategories&post=31880"},{"taxonomy":"post_tag","embeddable":true,"href":"https:\/\/icoinformativo.mx\/home\/index.php?rest_route=%2Fwp%2Fv2%2Ftags&post=31880"}],"curies":[{"name":"wp","href":"https:\/\/api.w.org\/{rel}","templated":true}]}}