{"id":31877,"date":"2025-03-26T02:19:35","date_gmt":"2025-03-26T02:19:35","guid":{"rendered":"https:\/\/icoinformativo.mx\/home\/?p=31877"},"modified":"2025-03-26T02:19:35","modified_gmt":"2025-03-26T02:19:35","slug":"con-respaldo-del-tecnm-cecytech-certificara-estudiantes-y-apoyara-la-educacion-superior","status":"publish","type":"post","link":"https:\/\/icoinformativo.mx\/home\/?p=31877","title":{"rendered":"Con respaldo del TecNM, Cecytech certificar\u00e1 estudiantes y apoyar\u00e1 la educaci\u00f3n superior"},"content":{"rendered":"<p>&nbsp;<\/p>\n<p>\u00b7 Gracias a su reconocimiento como Centro Evaluador del CONOCER, avalado por el Instituto Tecnol\u00f3gico Nacional de M\u00e9xico, campus Tapachula<\/p>\n<p>\u00b7 El Cecytech prestar\u00e1 sus instalaciones para impartir carreras del TecNM Frontera Comalapa, gracias a un convenio de colaboraci\u00f3n<\/p>\n<p>&nbsp;<\/p>\n<p>Tuxtla Guti\u00e9rrez, Chiapas.- El Colegio de Estudios Cient\u00edficos y Tecnol\u00f3gicos del Estado de Chiapas (Cecytech) fue acreditado como Centro Evaluador del CONOCER por el Tecnol\u00f3gico Nacional de M\u00e9xico (TecNM), Campus Tapachula, y firm\u00f3 un Convenio Espec\u00edfico de Colaboraci\u00f3n con el TecNM, campus Frontera Comalapa, que permitir\u00e1 establecer nuevas unidades acad\u00e9micas en zonas estrat\u00e9gicas del estado, fortaleciendo la certificaci\u00f3n de competencias y la oferta educativa en Chiapas.<\/p>\n<p>&nbsp;<\/p>\n<p>La ceremonia se desarroll\u00f3 en la Sala de Medios \u201cMtra. Carmen V\u00e1zquez Hern\u00e1ndez\u201d del Cecytech, y fue encabezada por Luis Guadalupe Morales \u00c1ngeles, director general del Colegio; Mar\u00eda Soledad Peralta Gonz\u00e1lez, directora del Tecnol\u00f3gico de Tapachula; y Apolinar P\u00e9rez L\u00f3pez, director del Tecnol\u00f3gico de Frontera Comalapa; quienes coincidieron en que el trabajo conjunto entre instituciones permite ampliar las oportunidades acad\u00e9micas y de formaci\u00f3n para los estudiantes, as\u00ed como fortalecer los v\u00ednculos en materia de ciencia y tecnolog\u00eda en beneficio del desarrollo regional.<\/p>\n<p>&nbsp;<\/p>\n<p>Durante su intervenci\u00f3n, Morales \u00c1ngeles expres\u00f3 su agradecimiento al gobernador del Estado, Eduardo Ram\u00edrez Aguilar, por su firme compromiso con el fortalecimiento de la educaci\u00f3n en Chiapas, el cual ha sido fundamental para impulsar proyectos de mejora continua.<\/p>\n<p>&nbsp;<\/p>\n<p>Destac\u00f3 que las acciones emprendidas permitir\u00e1n a las y los estudiantes alcanzar la calidad necesaria para integrarse al \u00e1mbito laboral y continuar su formaci\u00f3n en el nivel superior. \u201cDespu\u00e9s de 100 d\u00edas, podemos decir que vamos bien, gracias a cada uno de ustedes\u201d, expres\u00f3.<\/p>\n<p>&nbsp;<\/p>\n<p>Asimismo, reconoci\u00f3 el valioso acompa\u00f1amiento de los Institutos Tecnol\u00f3gicos de Tapachula y Frontera Comalapa, cuya colaboraci\u00f3n ha sido clave para lograr esta certificaci\u00f3n, reflejo del trabajo conjunto entre instituciones comprometidas con la calidad.<\/p>\n<p>&nbsp;<\/p>\n<p>Gracias a su acreditaci\u00f3n como Centro Evaluador del CONOCER, el Cecytech podr\u00e1 evaluar y certificar competencias laborales en niveles del 1 al 5, beneficiando directamente a 986 docentes, 1,729 trabajadores administrativos y m\u00e1s de 18,600 estudiantes, fortaleciendo su perfil acad\u00e9mico y profesional para mejorar su competitividad en el mercado laboral.<\/p>\n<p>&nbsp;<\/p>\n<p>2 \/ 2<\/p>\n<p>El convenio firmado tambi\u00e9n permitir\u00e1 la apertura de programas presenciales dominicales en los planteles 22 Ricardo Flores Mag\u00f3n y 35 El Porvenir Mal\u00e9, donde se impartir\u00e1n carreras como Ingenier\u00eda en Agronom\u00eda, Ingenier\u00eda en Gesti\u00f3n Empresarial e Ingenier\u00eda en Sistemas Computacionales, con el prop\u00f3sito de acercar la educaci\u00f3n superior a comunidades rurales sin necesidad de migraci\u00f3n.<\/p>\n<p>&nbsp;<\/p>\n<p>Es importante mencionar que, como parte del acto protocolario, se realiz\u00f3 la develaci\u00f3n de una placa conmemorativa que simboliza el compromiso institucional del Cecytech con la calidad, la formaci\u00f3n integral y la transformaci\u00f3n educativa de Chiapas.<\/p>\n<p>&nbsp;<\/p>\n","protected":false},"excerpt":{"rendered":"<p>&nbsp; \u00b7 Gracias a su reconocimiento como Centro Evaluador del CONOCER, avalado por el Instituto&#8230;<\/p>\n","protected":false},"author":2,"featured_media":31878,"comment_status":"closed","ping_status":"closed","sticky":false,"template":"","format":"standard","meta":{"_joinchat":[],"footnotes":""},"categories":[18,1,2,3],"tags":[],"class_list":["post-31877","post","type-post","status-publish","format-standard","has-post-thumbnail","hentry","category-almomento","category-boletin","category-estado","category-health"],"_links":{"self":[{"href":"https:\/\/icoinformativo.mx\/home\/index.php?rest_route=\/wp\/v2\/posts\/31877","targetHints":{"allow":["GET"]}}],"collection":[{"href":"https:\/\/icoinformativo.mx\/home\/index.php?rest_route=\/wp\/v2\/posts"}],"about":[{"href":"https:\/\/icoinformativo.mx\/home\/index.php?rest_route=\/wp\/v2\/types\/post"}],"author":[{"embeddable":true,"href":"https:\/\/icoinformativo.mx\/home\/index.php?rest_route=\/wp\/v2\/users\/2"}],"replies":[{"embeddable":true,"href":"https:\/\/icoinformativo.mx\/home\/index.php?rest_route=%2Fwp%2Fv2%2Fcomments&post=31877"}],"version-history":[{"count":1,"href":"https:\/\/icoinformativo.mx\/home\/index.php?rest_route=\/wp\/v2\/posts\/31877\/revisions"}],"predecessor-version":[{"id":31879,"href":"https:\/\/icoinformativo.mx\/home\/index.php?rest_route=\/wp\/v2\/posts\/31877\/revisions\/31879"}],"wp:featuredmedia":[{"embeddable":true,"href":"https:\/\/icoinformativo.mx\/home\/index.php?rest_route=\/wp\/v2\/media\/31878"}],"wp:attachment":[{"href":"https:\/\/icoinformativo.mx\/home\/index.php?rest_route=%2Fwp%2Fv2%2Fmedia&parent=31877"}],"wp:term":[{"taxonomy":"category","embeddable":true,"href":"https:\/\/icoinformativo.mx\/home\/index.php?rest_route=%2Fwp%2Fv2%2Fcategories&post=31877"},{"taxonomy":"post_tag","embeddable":true,"href":"https:\/\/icoinformativo.mx\/home\/index.php?rest_route=%2Fwp%2Fv2%2Ftags&post=31877"}],"curies":[{"name":"wp","href":"https:\/\/api.w.org\/{rel}","templated":true}]}}