{"id":31874,"date":"2025-03-26T02:13:28","date_gmt":"2025-03-26T02:13:28","guid":{"rendered":"https:\/\/icoinformativo.mx\/home\/?p=31874"},"modified":"2025-03-26T02:13:28","modified_gmt":"2025-03-26T02:13:28","slug":"usicamm-y-secretaria-de-educacion-acuerdan-acciones-para-abatir-el-analfabetismo-en-chiapas","status":"publish","type":"post","link":"https:\/\/icoinformativo.mx\/home\/?p=31874","title":{"rendered":"Usicamm y Secretar\u00eda de Educaci\u00f3n acuerdan acciones para abatir el analfabetismo en Chiapas"},"content":{"rendered":"<p>&nbsp;<\/p>\n<p>Ciudad de M\u00e9xico.- Con miras de continuar fortaleciendo el programa hist\u00f3rico y humanista \u00abChiapas Puede\u00bb, implementado por el gobernador Eduardo Ram\u00edrez Aguilar, este martes, el secretario de Educaci\u00f3n, Roger Mandujano Ayala, se reuni\u00f3 en la Ciudad de M\u00e9xico con el titular de la Unidad del Sistema para la Carrera de las Maestras y Maestros (Usicamm), Mario Rafael Llergo Latournerie.<\/p>\n<p>&nbsp;<\/p>\n<p>El encuentro tuvo como sede las oficinas centrales de la Usicamm, lugar donde ambos funcionarios estuvieron acompa\u00f1ados de Adri\u00e1n Hern\u00e1ndez Balboa, director general de Promoci\u00f3n; Manuel Rodr\u00edguez Gonz\u00e1lez, director de Admisi\u00f3n y Tania Cruz Santos, directora de Reconocimiento de la Usicamm.<\/p>\n<p>&nbsp;<\/p>\n<p>En este marco, el responsable del sector educativo en Chiapas comparti\u00f3 los avances que este programa visionario ha tenido hasta la fecha, a partir de su instrumentaci\u00f3n por parte del gobierno estatal; asimismo, los titulares lograron acuerdos importantes que coadyuvar\u00e1n a lograr avances sustanciales para abatir el rezago que, en materia de alfabetizaci\u00f3n, prevalece en la entidad.<\/p>\n<p>&nbsp;<\/p>\n<p>Al respecto, el titular de la Usicamm extern\u00f3 una posici\u00f3n humanista de responsabilidad hist\u00f3rica para apoyar a este importante proyecto transformador de vidas que, -dijo- se enmarca en el proceso de transformaci\u00f3n que tambi\u00e9n tendr\u00e1 la Usicamm, el cual ha sido anunciado en reiteradas ocasiones por la presidenta Claudia Sheinbaum Pardo.<\/p>\n<p>&nbsp;<\/p>\n<p>El funcionario federal se\u00f1al\u00f3 que todo lo que redunde en bien de la educaci\u00f3n es parte fundamental de la tarea que lleva a cabo el gobierno federal, as\u00ed como en los estados; destacando que el secretario de Educaci\u00f3n, Mario Delgado, reconoce el esfuerzo que las autoridades educativas realizan en Chiapas, cuyo gobernador, Eduardo Ram\u00edrez, ha comprometido toda su voluntad para cambiar las realidades educativas de su estado a partir de poner en marcha el programa de alfabetizaci\u00f3n que seguro tendr\u00e1 resultados positivos en bien de la comunidad escolar de esa entidad.<\/p>\n<p>&nbsp;<\/p>\n","protected":false},"excerpt":{"rendered":"<p>&nbsp; Ciudad de M\u00e9xico.- Con miras de continuar fortaleciendo el programa hist\u00f3rico y humanista \u00abChiapas&#8230;<\/p>\n","protected":false},"author":2,"featured_media":31875,"comment_status":"closed","ping_status":"closed","sticky":false,"template":"","format":"standard","meta":{"_joinchat":[],"footnotes":""},"categories":[18,1,2,3],"tags":[],"class_list":["post-31874","post","type-post","status-publish","format-standard","has-post-thumbnail","hentry","category-almomento","category-boletin","category-estado","category-health"],"_links":{"self":[{"href":"https:\/\/icoinformativo.mx\/home\/index.php?rest_route=\/wp\/v2\/posts\/31874","targetHints":{"allow":["GET"]}}],"collection":[{"href":"https:\/\/icoinformativo.mx\/home\/index.php?rest_route=\/wp\/v2\/posts"}],"about":[{"href":"https:\/\/icoinformativo.mx\/home\/index.php?rest_route=\/wp\/v2\/types\/post"}],"author":[{"embeddable":true,"href":"https:\/\/icoinformativo.mx\/home\/index.php?rest_route=\/wp\/v2\/users\/2"}],"replies":[{"embeddable":true,"href":"https:\/\/icoinformativo.mx\/home\/index.php?rest_route=%2Fwp%2Fv2%2Fcomments&post=31874"}],"version-history":[{"count":1,"href":"https:\/\/icoinformativo.mx\/home\/index.php?rest_route=\/wp\/v2\/posts\/31874\/revisions"}],"predecessor-version":[{"id":31876,"href":"https:\/\/icoinformativo.mx\/home\/index.php?rest_route=\/wp\/v2\/posts\/31874\/revisions\/31876"}],"wp:featuredmedia":[{"embeddable":true,"href":"https:\/\/icoinformativo.mx\/home\/index.php?rest_route=\/wp\/v2\/media\/31875"}],"wp:attachment":[{"href":"https:\/\/icoinformativo.mx\/home\/index.php?rest_route=%2Fwp%2Fv2%2Fmedia&parent=31874"}],"wp:term":[{"taxonomy":"category","embeddable":true,"href":"https:\/\/icoinformativo.mx\/home\/index.php?rest_route=%2Fwp%2Fv2%2Fcategories&post=31874"},{"taxonomy":"post_tag","embeddable":true,"href":"https:\/\/icoinformativo.mx\/home\/index.php?rest_route=%2Fwp%2Fv2%2Ftags&post=31874"}],"curies":[{"name":"wp","href":"https:\/\/api.w.org\/{rel}","templated":true}]}}