{"id":31871,"date":"2025-03-26T02:08:02","date_gmt":"2025-03-26T02:08:02","guid":{"rendered":"https:\/\/icoinformativo.mx\/home\/?p=31871"},"modified":"2025-03-26T02:08:02","modified_gmt":"2025-03-26T02:08:02","slug":"cobach-realiza-foro-con-escritoras-destacadas-en-el-marco-del-dia-naranja","status":"publish","type":"post","link":"https:\/\/icoinformativo.mx\/home\/?p=31871","title":{"rendered":"Cobach realiza foro con escritoras destacadas en el marco del D\u00eda Naranja"},"content":{"rendered":"<p>&nbsp;<\/p>\n<p>\u00b7 El director general, Miguel Prado de los Santos, reiter\u00f3 el compromiso institucional para eliminar todo tipo de violencia hacia las mujeres<\/p>\n<p>&nbsp;<\/p>\n<p>Tuxtla Guti\u00e9rrez, Chiapas.\u2013 En el marco del D\u00eda Naranja, para conmemorar la lucha de las mujeres por la igualdad, el director general del Colegio de Bachilleres de Chiapas (Cobach), Miguel Prado de los Santos, reiter\u00f3 el compromiso institucional para eliminar todo tipo de violencia hacia este sector de la poblaci\u00f3n.<\/p>\n<p>&nbsp;<\/p>\n<p>Al participar en el evento literario \u00abCaf\u00e9 a la Naranja: Perspectiveando el g\u00e9nero\u00bb, realizado con este motivo en el auditorio Luis Donaldo Colosio de las Oficinas Centrales del Cobach, Prado de los Santos hizo \u00e9nfasis en los lineamientos plasmados en el Plan de Gobierno de la Nueva Era, en el rubro de la protecci\u00f3n de los derechos de las mujeres; \u201ces una cultura que debemos fomentar en nuestra comunidad educativa\u201d, precis\u00f3.<\/p>\n<p>&nbsp;<\/p>\n<p>En este acto estuvo presente la presidenta del Voluntariado Cobach, Mar\u00eda Eugenia Ozuna Hodich, quien inaugur\u00f3 formalmente este espacio considerado el primero de varios similares que se espera realizar al menos una vez al mes.<\/p>\n<p>&nbsp;<\/p>\n<p>Esta actividad fue promovida por las docentes Georgina \u00c9rica S\u00e1nchez Camacho y Claudia del Consuelo L\u00f3pez Mart\u00ednez, quienes presentaron este proyecto relevante para impulsar estas pr\u00e1cticas literarias que fomentan el desarrollo de la identidad y la expresi\u00f3n.<\/p>\n<p>&nbsp;<\/p>\n<p>Al implementar din\u00e1micas de interacci\u00f3n entre las participantes, las ponentes compartieron reflexiones y perspectivas sobre la igualdad de g\u00e9nero, destacando la importancia de la lectura y la escritura creativa en la formaci\u00f3n de las y los alumnos.<\/p>\n<p>&nbsp;<\/p>\n<p>En esta jornada se cont\u00f3 con la participaci\u00f3n de las poetas chiapanecas D\u00e1maris Disner Lara y Dilery \u00c1vila Salinas, quienes enriquecieron el evento con sus voces y experiencias inspirando a las nuevas generaciones a explorar la magia de las palabras y a construir su propia narrativa.<\/p>\n<p>&nbsp;<\/p>\n","protected":false},"excerpt":{"rendered":"<p>&nbsp; \u00b7 El director general, Miguel Prado de los Santos, reiter\u00f3 el compromiso institucional para&#8230;<\/p>\n","protected":false},"author":2,"featured_media":31872,"comment_status":"closed","ping_status":"closed","sticky":false,"template":"","format":"standard","meta":{"_joinchat":[],"footnotes":""},"categories":[18,1,2,3],"tags":[],"class_list":["post-31871","post","type-post","status-publish","format-standard","has-post-thumbnail","hentry","category-almomento","category-boletin","category-estado","category-health"],"_links":{"self":[{"href":"https:\/\/icoinformativo.mx\/home\/index.php?rest_route=\/wp\/v2\/posts\/31871","targetHints":{"allow":["GET"]}}],"collection":[{"href":"https:\/\/icoinformativo.mx\/home\/index.php?rest_route=\/wp\/v2\/posts"}],"about":[{"href":"https:\/\/icoinformativo.mx\/home\/index.php?rest_route=\/wp\/v2\/types\/post"}],"author":[{"embeddable":true,"href":"https:\/\/icoinformativo.mx\/home\/index.php?rest_route=\/wp\/v2\/users\/2"}],"replies":[{"embeddable":true,"href":"https:\/\/icoinformativo.mx\/home\/index.php?rest_route=%2Fwp%2Fv2%2Fcomments&post=31871"}],"version-history":[{"count":1,"href":"https:\/\/icoinformativo.mx\/home\/index.php?rest_route=\/wp\/v2\/posts\/31871\/revisions"}],"predecessor-version":[{"id":31873,"href":"https:\/\/icoinformativo.mx\/home\/index.php?rest_route=\/wp\/v2\/posts\/31871\/revisions\/31873"}],"wp:featuredmedia":[{"embeddable":true,"href":"https:\/\/icoinformativo.mx\/home\/index.php?rest_route=\/wp\/v2\/media\/31872"}],"wp:attachment":[{"href":"https:\/\/icoinformativo.mx\/home\/index.php?rest_route=%2Fwp%2Fv2%2Fmedia&parent=31871"}],"wp:term":[{"taxonomy":"category","embeddable":true,"href":"https:\/\/icoinformativo.mx\/home\/index.php?rest_route=%2Fwp%2Fv2%2Fcategories&post=31871"},{"taxonomy":"post_tag","embeddable":true,"href":"https:\/\/icoinformativo.mx\/home\/index.php?rest_route=%2Fwp%2Fv2%2Ftags&post=31871"}],"curies":[{"name":"wp","href":"https:\/\/api.w.org\/{rel}","templated":true}]}}