{"id":31802,"date":"2025-03-22T03:41:00","date_gmt":"2025-03-22T03:41:00","guid":{"rendered":"https:\/\/icoinformativo.mx\/home\/?p=31802"},"modified":"2025-03-22T03:41:00","modified_gmt":"2025-03-22T03:41:00","slug":"gran-cabalgata-feria-sunuapa-2025-en-honor-al-senor-de-los-milagros","status":"publish","type":"post","link":"https:\/\/icoinformativo.mx\/home\/?p=31802","title":{"rendered":"Gran cabalgata FERIA SUNUAPA 2025, En honor al \u00abSe\u00f1or de los Milagros\u00bb"},"content":{"rendered":"<p>&nbsp;<\/p>\n<p>El H. Ayuntamiento de Sunuapa que preside el Lic. Fredi Ramirez Diaz te hace una atenta y cordial invitaci\u00f3n para que asistas junto a toda tu familia a la tradicional cabalgata que marcar\u00e1 el inicio de nuestra Feria 2025.<\/p>\n<p>&nbsp;<\/p>\n<p>El punto de reuni\u00f3n ser\u00e1 el rancho tembladera a las 10:00 hrs. de la ma\u00f1ana.<\/p>\n<p>&nbsp;<\/p>\n<p>Al t\u00e9rmino de la cabalgata habr\u00e1 lazo ternero, rifa de un potrillo y una novillona y muchos premios m\u00e1s.<\/p>\n<p>&nbsp;<\/p>\n<p>Tambi\u00e9n podr\u00e1s disfrutar de la m\u00fasica de \u00abCIMA NORTE\u00d1A\u00bb<\/p>\n<p>&nbsp;<\/p>\n<p>FERIA SUNUAPA 2025<\/p>\n<p>&nbsp;<\/p>\n<p>\u00abDesarrollo que se vive, Tradici\u00f3n que nos une\u00bb<\/p>\n<p>&nbsp;<\/p>\n<p>Invitan<\/p>\n<p>Gobierno Municipal Sunuapa 2024 &#8211; 2027 y DIF Municipal Sunuapa 2024-2027<\/p>\n<p>&nbsp;<\/p>\n","protected":false},"excerpt":{"rendered":"<p>&nbsp; El H. Ayuntamiento de Sunuapa que preside el Lic. Fredi Ramirez Diaz te hace&#8230;<\/p>\n","protected":false},"author":2,"featured_media":31803,"comment_status":"closed","ping_status":"closed","sticky":false,"template":"","format":"standard","meta":{"_joinchat":[],"footnotes":""},"categories":[18,1,2,3],"tags":[],"class_list":["post-31802","post","type-post","status-publish","format-standard","has-post-thumbnail","hentry","category-almomento","category-boletin","category-estado","category-health"],"_links":{"self":[{"href":"https:\/\/icoinformativo.mx\/home\/index.php?rest_route=\/wp\/v2\/posts\/31802","targetHints":{"allow":["GET"]}}],"collection":[{"href":"https:\/\/icoinformativo.mx\/home\/index.php?rest_route=\/wp\/v2\/posts"}],"about":[{"href":"https:\/\/icoinformativo.mx\/home\/index.php?rest_route=\/wp\/v2\/types\/post"}],"author":[{"embeddable":true,"href":"https:\/\/icoinformativo.mx\/home\/index.php?rest_route=\/wp\/v2\/users\/2"}],"replies":[{"embeddable":true,"href":"https:\/\/icoinformativo.mx\/home\/index.php?rest_route=%2Fwp%2Fv2%2Fcomments&post=31802"}],"version-history":[{"count":1,"href":"https:\/\/icoinformativo.mx\/home\/index.php?rest_route=\/wp\/v2\/posts\/31802\/revisions"}],"predecessor-version":[{"id":31804,"href":"https:\/\/icoinformativo.mx\/home\/index.php?rest_route=\/wp\/v2\/posts\/31802\/revisions\/31804"}],"wp:featuredmedia":[{"embeddable":true,"href":"https:\/\/icoinformativo.mx\/home\/index.php?rest_route=\/wp\/v2\/media\/31803"}],"wp:attachment":[{"href":"https:\/\/icoinformativo.mx\/home\/index.php?rest_route=%2Fwp%2Fv2%2Fmedia&parent=31802"}],"wp:term":[{"taxonomy":"category","embeddable":true,"href":"https:\/\/icoinformativo.mx\/home\/index.php?rest_route=%2Fwp%2Fv2%2Fcategories&post=31802"},{"taxonomy":"post_tag","embeddable":true,"href":"https:\/\/icoinformativo.mx\/home\/index.php?rest_route=%2Fwp%2Fv2%2Ftags&post=31802"}],"curies":[{"name":"wp","href":"https:\/\/api.w.org\/{rel}","templated":true}]}}