{"id":31799,"date":"2025-03-22T03:38:23","date_gmt":"2025-03-22T03:38:23","guid":{"rendered":"https:\/\/icoinformativo.mx\/home\/?p=31799"},"modified":"2025-03-22T03:38:23","modified_gmt":"2025-03-22T03:38:23","slug":"en-sunuapa-olimpiada-del-conocimiento-infantil-2025","status":"publish","type":"post","link":"https:\/\/icoinformativo.mx\/home\/?p=31799","title":{"rendered":"En Sunuapa, Olimpiada del Conocimiento Infantil 2025."},"content":{"rendered":"<p>&nbsp;<\/p>\n<p>La Presidenta del Sistema DIF Municipal Sunuapa 2024-2027 Lic. Flor de Mar\u00eda Bernal \u00c1lvarez asisti\u00f3 como invitada especial a la \u00abOlimpiada del Conocimiento Infantil 2025\u00bb, de Nivel Primaria de Educaci\u00f3n Ind\u00edgena de la Zona Escolar 407, evento que se realiz\u00f3 en la Escuela Primaria Biling\u00fce \u00abBenito Ju\u00e1rez Garc\u00eda\u00bb de la Rancher\u00eda Santa Cruz Tercera Secci\u00f3n del Municipio de Sunuapa.<\/p>\n<p>&nbsp;<\/p>\n<p>En esta Olimpiada del Conocimiento Infantil participaron los alumnos m\u00e1s destacados de cada una de las escuelas pertenecientes a la Supervisi\u00f3n Escolar 407 de Educaci\u00f3n Ind\u00edgena, d\u00f3nde se reconoci\u00f3 el nivel de aprovechamiento de cada uno de los estudiantes.<\/p>\n<p>&nbsp;<\/p>\n<p>La Presidenta del DIF Municipal, Lic. Flor de Mar\u00eda Bernal \u00c1lvarez felicit\u00f3 a cada uno de los ni\u00f1os y ni\u00f1as que participaron en esta Olimpiada, as\u00ed mismo reconoci\u00f3 la labor que realizan cada uno de los maestros y el apoyo invaluable que brindan los padres de familia, para que sus hijos participen en este tipo de actividades de desarrollo acad\u00e9mico.<\/p>\n<p>&nbsp;<\/p>\n<p>Acompa\u00f1ado de autoridades educativas y del agente municipal de Santa Cruz Tercera Secci\u00f3n, as\u00ed como de la Regidora del Gobierno Municipal Sunuapa 2024 &#8211; 2027, entregaron incentivos a los alumnos que resultaron con mejor aprovechamiento.<\/p>\n<p>&nbsp;<\/p>\n","protected":false},"excerpt":{"rendered":"<p>&nbsp; La Presidenta del Sistema DIF Municipal Sunuapa 2024-2027 Lic. Flor de Mar\u00eda Bernal \u00c1lvarez&#8230;<\/p>\n","protected":false},"author":2,"featured_media":31800,"comment_status":"closed","ping_status":"closed","sticky":false,"template":"","format":"standard","meta":{"_joinchat":[],"footnotes":""},"categories":[18,1,2,3],"tags":[],"class_list":["post-31799","post","type-post","status-publish","format-standard","has-post-thumbnail","hentry","category-almomento","category-boletin","category-estado","category-health"],"_links":{"self":[{"href":"https:\/\/icoinformativo.mx\/home\/index.php?rest_route=\/wp\/v2\/posts\/31799","targetHints":{"allow":["GET"]}}],"collection":[{"href":"https:\/\/icoinformativo.mx\/home\/index.php?rest_route=\/wp\/v2\/posts"}],"about":[{"href":"https:\/\/icoinformativo.mx\/home\/index.php?rest_route=\/wp\/v2\/types\/post"}],"author":[{"embeddable":true,"href":"https:\/\/icoinformativo.mx\/home\/index.php?rest_route=\/wp\/v2\/users\/2"}],"replies":[{"embeddable":true,"href":"https:\/\/icoinformativo.mx\/home\/index.php?rest_route=%2Fwp%2Fv2%2Fcomments&post=31799"}],"version-history":[{"count":1,"href":"https:\/\/icoinformativo.mx\/home\/index.php?rest_route=\/wp\/v2\/posts\/31799\/revisions"}],"predecessor-version":[{"id":31801,"href":"https:\/\/icoinformativo.mx\/home\/index.php?rest_route=\/wp\/v2\/posts\/31799\/revisions\/31801"}],"wp:featuredmedia":[{"embeddable":true,"href":"https:\/\/icoinformativo.mx\/home\/index.php?rest_route=\/wp\/v2\/media\/31800"}],"wp:attachment":[{"href":"https:\/\/icoinformativo.mx\/home\/index.php?rest_route=%2Fwp%2Fv2%2Fmedia&parent=31799"}],"wp:term":[{"taxonomy":"category","embeddable":true,"href":"https:\/\/icoinformativo.mx\/home\/index.php?rest_route=%2Fwp%2Fv2%2Fcategories&post=31799"},{"taxonomy":"post_tag","embeddable":true,"href":"https:\/\/icoinformativo.mx\/home\/index.php?rest_route=%2Fwp%2Fv2%2Ftags&post=31799"}],"curies":[{"name":"wp","href":"https:\/\/api.w.org\/{rel}","templated":true}]}}