{"id":31793,"date":"2025-03-22T02:55:41","date_gmt":"2025-03-22T02:55:41","guid":{"rendered":"https:\/\/icoinformativo.mx\/home\/?p=31793"},"modified":"2025-03-22T02:55:41","modified_gmt":"2025-03-22T02:55:41","slug":"conferencias-en-cecyt-09-promueven-la-sana-convivencia-en-el-alumnado","status":"publish","type":"post","link":"https:\/\/icoinformativo.mx\/home\/?p=31793","title":{"rendered":"Conferencias en CECyT 09 promueven la sana convivencia en el alumnado\u00a0"},"content":{"rendered":"<p>&nbsp;<\/p>\n<p>\u00b7 Estudiantes del segundo semestre recibieron conferencias para fortalecer su bienestar emocional<\/p>\n<p>&nbsp;<\/p>\n<p>El Parral, Chiapas.- Estudiantes del Colegio de Estudios Cient\u00edficos y Tecnol\u00f3gicos del Estado de Chiapas (Cecytech) Plantel 09, ubicado en el municipio El Parral, recibieron las conferencias \u201cPrevenci\u00f3n de las tecnoadicciones\u00bb y \u00abPrevenci\u00f3n de la violencia en el noviazgo\u00bb, promoviendo entornos de sana convivencia y el fortalecimiento de relaciones saludables.<\/p>\n<p>Al respecto, la directora del Plantel 09, Gladis Eugenia G\u00f3mez \u00c1lvarez, manifest\u00f3 que este tipo de actividades permiten a las y los alumnos prevenir situaciones que puedan afectar su integridad f\u00edsica, emocional y social.<\/p>\n<p>\u201cNuestro objetivo es que los j\u00f3venes comprendan la importancia de identificar se\u00f1ales de alerta, tanto en el uso de la tecnolog\u00eda como en sus relaciones personales, y que tengan conocimientos para actuar de manera informada y segura\u201d.<\/p>\n<p>Agradeci\u00f3 al director general del Cecytech, Luis Guadalupe Morales \u00c1ngeles, por su compromiso con la educaci\u00f3n media superior en el estado, reconociendo su esfuerzo constante por impulsar iniciativas y acciones que brindan apoyo a las y los alumnos, fortaleciendo su formaci\u00f3n acad\u00e9mica, bienestar personal y social.<\/p>\n<p>Finalmente, la actividad se realiz\u00f3 de manera coordinada con la Unidad de Igualdad de G\u00e9nero del Colegio y la Fiscal\u00eda General del Estado, a fin de construir espacios educativos seguros donde el respeto, la equidad y la salud emocional sean pilares fundamentales en su formaci\u00f3n.<\/p>\n<p>&nbsp;<\/p>\n","protected":false},"excerpt":{"rendered":"<p>&nbsp; \u00b7 Estudiantes del segundo semestre recibieron conferencias para fortalecer su bienestar emocional &nbsp; El&#8230;<\/p>\n","protected":false},"author":2,"featured_media":31794,"comment_status":"closed","ping_status":"closed","sticky":false,"template":"","format":"standard","meta":{"_joinchat":[],"footnotes":""},"categories":[18,1,2,3],"tags":[],"class_list":["post-31793","post","type-post","status-publish","format-standard","has-post-thumbnail","hentry","category-almomento","category-boletin","category-estado","category-health"],"_links":{"self":[{"href":"https:\/\/icoinformativo.mx\/home\/index.php?rest_route=\/wp\/v2\/posts\/31793","targetHints":{"allow":["GET"]}}],"collection":[{"href":"https:\/\/icoinformativo.mx\/home\/index.php?rest_route=\/wp\/v2\/posts"}],"about":[{"href":"https:\/\/icoinformativo.mx\/home\/index.php?rest_route=\/wp\/v2\/types\/post"}],"author":[{"embeddable":true,"href":"https:\/\/icoinformativo.mx\/home\/index.php?rest_route=\/wp\/v2\/users\/2"}],"replies":[{"embeddable":true,"href":"https:\/\/icoinformativo.mx\/home\/index.php?rest_route=%2Fwp%2Fv2%2Fcomments&post=31793"}],"version-history":[{"count":1,"href":"https:\/\/icoinformativo.mx\/home\/index.php?rest_route=\/wp\/v2\/posts\/31793\/revisions"}],"predecessor-version":[{"id":31795,"href":"https:\/\/icoinformativo.mx\/home\/index.php?rest_route=\/wp\/v2\/posts\/31793\/revisions\/31795"}],"wp:featuredmedia":[{"embeddable":true,"href":"https:\/\/icoinformativo.mx\/home\/index.php?rest_route=\/wp\/v2\/media\/31794"}],"wp:attachment":[{"href":"https:\/\/icoinformativo.mx\/home\/index.php?rest_route=%2Fwp%2Fv2%2Fmedia&parent=31793"}],"wp:term":[{"taxonomy":"category","embeddable":true,"href":"https:\/\/icoinformativo.mx\/home\/index.php?rest_route=%2Fwp%2Fv2%2Fcategories&post=31793"},{"taxonomy":"post_tag","embeddable":true,"href":"https:\/\/icoinformativo.mx\/home\/index.php?rest_route=%2Fwp%2Fv2%2Ftags&post=31793"}],"curies":[{"name":"wp","href":"https:\/\/api.w.org\/{rel}","templated":true}]}}