{"id":31750,"date":"2025-03-19T02:23:25","date_gmt":"2025-03-19T02:23:25","guid":{"rendered":"https:\/\/icoinformativo.mx\/home\/?p=31750"},"modified":"2025-03-19T02:23:25","modified_gmt":"2025-03-19T02:23:25","slug":"todo-listo-para-la-primera-edicion-de-la-carrera-ocr-jaguar-race","status":"publish","type":"post","link":"https:\/\/icoinformativo.mx\/home\/?p=31750","title":{"rendered":"Todo listo para la primera edici\u00f3n de la Carrera OCR Jaguar Race"},"content":{"rendered":"<p><!--more--><\/p>\n<p>\u00b7 La justa con obst\u00e1culos se llevar\u00e1 a cabo este 30 de marzo en Chiapa de Corzo<\/p>\n<p>\u00b7 Adona\u00ed S\u00e1nchez Osorio, director del Instituto del Deporte, respald\u00f3 la justa organizada por Ren\u00e9 Ibarra Molina<\/p>\n<p>&nbsp;<\/p>\n<p>Fue presentada de manera oficial la primera edici\u00f3n de la Carrera OCR (Obstacle course race) Jaguar Race de 5 kil\u00f3metros, a celebrarse el pr\u00f3ximo 30 de marzo en Chiapa de Corzo.<\/p>\n<p>&nbsp;<\/p>\n<p>Ren\u00e9 Ibarra Molina, organizador del evento y su comit\u00e9, hicieron el anuncio este martes acompa\u00f1ados por el director del Instituto del Deporte (Indeporte), Adona\u00ed S\u00e1nchez Osorio.<\/p>\n<p>&nbsp;<\/p>\n<p>Indicaron que para esta primera edici\u00f3n la carrera tendr\u00e1 dos modalidades, Ek\u2019Balam (competitiva) y Balam (recreativa) en la rama femenil y varonil, ambas de 5 kil\u00f3metros con 20 obst\u00e1culos. Las dos arrancar\u00e1n a las 07:00 horas saliendo del r\u00edo Santo Domingo.<\/p>\n<p>&nbsp;<\/p>\n<p>Tras el anuncio oficial las y los organizadores dijeron que se abrir\u00e1n los \u00faltimos 40 folios de inscripci\u00f3n para ambas categor\u00edas, al cubrir el costo de 500 y 750 pesos respectivamente.<\/p>\n<p>&nbsp;<\/p>\n<p>Ibarra Molina y S\u00e1nchez Osorio coincidieron en la importancia de mostrar las maravillas naturales de nuestro estado, y agradecieron al municipio de Chiapa de Corzo por abrir las puertas a esta carrera OCR.<\/p>\n<p>&nbsp;<\/p>\n<p>Finalmente, dieron a conocer que entregar\u00e1n premios en efectivo a los tres primeros lugares de cada rama a la modalidad competitiva, en tanto que medallas y trofeo a los mejores en la recreativa.<\/p>\n<p>&nbsp;<\/p>\n<p>Estuvieron tambi\u00e9n en la conferencia de prensa: Andrea Urriola Ramos y Ad\u00e1n Chi\u00f1as Dom\u00ednguez, ambos del comit\u00e9 organizador.<\/p>\n<p>&nbsp;<\/p>\n","protected":false},"excerpt":{"rendered":"","protected":false},"author":2,"featured_media":31751,"comment_status":"closed","ping_status":"closed","sticky":false,"template":"","format":"standard","meta":{"_joinchat":[],"footnotes":""},"categories":[18,1,2,3],"tags":[],"class_list":["post-31750","post","type-post","status-publish","format-standard","has-post-thumbnail","hentry","category-almomento","category-boletin","category-estado","category-health"],"_links":{"self":[{"href":"https:\/\/icoinformativo.mx\/home\/index.php?rest_route=\/wp\/v2\/posts\/31750","targetHints":{"allow":["GET"]}}],"collection":[{"href":"https:\/\/icoinformativo.mx\/home\/index.php?rest_route=\/wp\/v2\/posts"}],"about":[{"href":"https:\/\/icoinformativo.mx\/home\/index.php?rest_route=\/wp\/v2\/types\/post"}],"author":[{"embeddable":true,"href":"https:\/\/icoinformativo.mx\/home\/index.php?rest_route=\/wp\/v2\/users\/2"}],"replies":[{"embeddable":true,"href":"https:\/\/icoinformativo.mx\/home\/index.php?rest_route=%2Fwp%2Fv2%2Fcomments&post=31750"}],"version-history":[{"count":1,"href":"https:\/\/icoinformativo.mx\/home\/index.php?rest_route=\/wp\/v2\/posts\/31750\/revisions"}],"predecessor-version":[{"id":31752,"href":"https:\/\/icoinformativo.mx\/home\/index.php?rest_route=\/wp\/v2\/posts\/31750\/revisions\/31752"}],"wp:featuredmedia":[{"embeddable":true,"href":"https:\/\/icoinformativo.mx\/home\/index.php?rest_route=\/wp\/v2\/media\/31751"}],"wp:attachment":[{"href":"https:\/\/icoinformativo.mx\/home\/index.php?rest_route=%2Fwp%2Fv2%2Fmedia&parent=31750"}],"wp:term":[{"taxonomy":"category","embeddable":true,"href":"https:\/\/icoinformativo.mx\/home\/index.php?rest_route=%2Fwp%2Fv2%2Fcategories&post=31750"},{"taxonomy":"post_tag","embeddable":true,"href":"https:\/\/icoinformativo.mx\/home\/index.php?rest_route=%2Fwp%2Fv2%2Ftags&post=31750"}],"curies":[{"name":"wp","href":"https:\/\/api.w.org\/{rel}","templated":true}]}}