{"id":31747,"date":"2025-03-19T02:18:41","date_gmt":"2025-03-19T02:18:41","guid":{"rendered":"https:\/\/icoinformativo.mx\/home\/?p=31747"},"modified":"2025-03-19T02:18:41","modified_gmt":"2025-03-19T02:18:41","slug":"cierra-chiapas-foro-estatal-para-la-construccion-del-nuevo-sistema-para-las-maestras-y-los-maestros","status":"publish","type":"post","link":"https:\/\/icoinformativo.mx\/home\/?p=31747","title":{"rendered":"Cierra Chiapas Foro Estatal para la Construcci\u00f3n del Nuevo Sistema para las Maestras y los Maestros\u201d"},"content":{"rendered":"<p>&nbsp;<\/p>\n<p>\u00b7 En atenci\u00f3n al compromiso de la presidenta de M\u00e9xico de dar paso a un sistema m\u00e1s justo, equitativo y que revalorice al magisterio<\/p>\n<p>\u00b7 Chiapas siempre ser\u00e1 un aliado de la innovaci\u00f3n y la transformaci\u00f3n para una verdadera revoluci\u00f3n educativa: Roger Mandujano<\/p>\n<p>\u00b7 Dirigente de la Secci\u00f3n 40 del SNTE reafirma el respaldo del magisterio en Chiapas con el gobernador Eduardo Ram\u00edrez<\/p>\n<p>&nbsp;<\/p>\n<p>Tuxtla Guti\u00e9rrez.\u2013 El secretario de Educaci\u00f3n en Chiapas, Roger Mandujano Ayala, destac\u00f3 que, junto con la Secretar\u00eda de Educaci\u00f3n P\u00fablica, que encabeza Mario Delgado Carrillo, se ha creado un espacio de escucha donde maestras y maestros ser\u00e1n quienes construyan un nuevo proyecto innovador y con sensibilidad social.<\/p>\n<p>&nbsp;<\/p>\n<p>Subray\u00f3 que en Chiapas existe una saludable comunicaci\u00f3n con el secretario general de la Secci\u00f3n 40, Obed Balderas Tovilla, acorde a la pol\u00edtica humanista de la administraci\u00f3n del gobernador Eduardo Ram\u00edrez, hecha patente en sus primeros 100 d\u00edas de gobierno.<\/p>\n<p>&nbsp;<\/p>\n<p>Lo anterior, en el marco de la celebraci\u00f3n del \u201cForo Estatal para la Construcci\u00f3n del Nuevo Sistema para las Maestras y los Maestros\u201d, efectuado este martes en la capital del estado, en cumplimiento al compromiso establecido por la presidenta de M\u00e9xico, Claudia Sheinbaum Pardo, de prescindir de la Unidad del Sistema de Carrera para las Maestras y Maestros (Usicamm), a fin de dar paso a un sistema m\u00e1s justo, equitativo y que revalorice al magisterio.<\/p>\n<p>&nbsp;<\/p>\n<p>Mandujano Ayala expres\u00f3 que este foro no s\u00f3lo implica el reconocimiento del esfuerzo, la experiencia y la innovaci\u00f3n docente, sino que fortalecer\u00e1 el trabajo tanto en las aulas como en las comunidades, sobre todo porque se convertir\u00e1 en una verdadera herramienta de las maestras y los maestros para mejorar sus condiciones laborales.<\/p>\n<p>&nbsp;<\/p>\n<p>Resalt\u00f3 que el aspecto tecnol\u00f3gico es uno de los principales ejes de lo que puede ser este nuevo modelo, por lo que se ha emprendido con la Coordinaci\u00f3n del Sistema para la Carrera de las Maestras y los Maestros (Cosicamm) un proceso de mejora de renovaci\u00f3n e innovaci\u00f3n tecnol\u00f3gica, visualizando desde la Secretar\u00eda de Educaci\u00f3n en Chiapas un horizonte de oportunidades en el camino de la modernizaci\u00f3n.<\/p>\n<p>&nbsp;<\/p>\n<p>El funcionario estatal hizo un llamado a todas y todos los participantes a aprovechar la buena disposici\u00f3n de la presidenta Claudia Sheinbaum y del secretario de Educaci\u00f3n, Mario Delgado, solicitando al titular del Usicamm haga extensivo el mensaje de que \u201cChiapas siempre ser\u00e1 un aliado de la innovaci\u00f3n y la transformaci\u00f3n para una verdadera revoluci\u00f3n educativa\u201d.<\/p>\n<p>&nbsp;<\/p>\n<p>2 \/ 2<\/p>\n<p>Por su parte, Obed Balderas Tovilla, secretario de la Secci\u00f3n 40 del SNTE, expuso que han hecho suyo el reclamo de las y los maestros de todo el pa\u00eds y han fijado como urgente la necesidad ante la SEP y el Gobierno de M\u00e9xico, de desaparecer la Usicamm y crear una nueva instancia con la participaci\u00f3n del magisterio, donde se revisen y definan nuevas reglas para la valoraci\u00f3n de su desempe\u00f1o.<\/p>\n<p>&nbsp;<\/p>\n<p>\u201cEste es el espacio id\u00f3neo para participar, proponer y modificar lo que antes se llamaba Usicamm. Es el momento de contribuir a la conquista de procesos justos en reconocimiento de la labor educativa de las y los maestros, pero tambi\u00e9n en el compromiso delfortalecer a la educaci\u00f3n p\u00fablica\u201d, concluy\u00f3 al expresar el total respaldo del magisterio de la Secci\u00f3n 40 en la tarea de alfabetizaci\u00f3n de encabeza el gobernador Eduardo Ram\u00edrez.<\/p>\n<p>&nbsp;<\/p>\n<p>El director de Promoci\u00f3n de la Usicamm, Adri\u00e1n Hern\u00e1ndez, refiri\u00f3 que por primera vez, la iniciativa primero se discute y luego se presenta. \u201cA trav\u00e9s de estos foros se podr\u00e1 escuchar, atender y recopilar a nivel nacional todas estas ideas y presentar posteriormente esa iniciativa; es un cambio diametral para maestras y maestros y es un tema para integrar un nuevo sistema de la mano de todos ustedes, teniendo como bien superior la educaci\u00f3n de ni\u00f1as, ni\u00f1os y j\u00f3venes de nuestro pa\u00eds, ah\u00ed est\u00e1 nuestro faro\u201d, concluy\u00f3.<\/p>\n<p>&nbsp;<\/p>\n","protected":false},"excerpt":{"rendered":"<p>&nbsp; \u00b7 En atenci\u00f3n al compromiso de la presidenta de M\u00e9xico de dar paso a&#8230;<\/p>\n","protected":false},"author":2,"featured_media":31748,"comment_status":"closed","ping_status":"closed","sticky":false,"template":"","format":"standard","meta":{"_joinchat":[],"footnotes":""},"categories":[18,1,2,3],"tags":[],"class_list":["post-31747","post","type-post","status-publish","format-standard","has-post-thumbnail","hentry","category-almomento","category-boletin","category-estado","category-health"],"_links":{"self":[{"href":"https:\/\/icoinformativo.mx\/home\/index.php?rest_route=\/wp\/v2\/posts\/31747","targetHints":{"allow":["GET"]}}],"collection":[{"href":"https:\/\/icoinformativo.mx\/home\/index.php?rest_route=\/wp\/v2\/posts"}],"about":[{"href":"https:\/\/icoinformativo.mx\/home\/index.php?rest_route=\/wp\/v2\/types\/post"}],"author":[{"embeddable":true,"href":"https:\/\/icoinformativo.mx\/home\/index.php?rest_route=\/wp\/v2\/users\/2"}],"replies":[{"embeddable":true,"href":"https:\/\/icoinformativo.mx\/home\/index.php?rest_route=%2Fwp%2Fv2%2Fcomments&post=31747"}],"version-history":[{"count":1,"href":"https:\/\/icoinformativo.mx\/home\/index.php?rest_route=\/wp\/v2\/posts\/31747\/revisions"}],"predecessor-version":[{"id":31749,"href":"https:\/\/icoinformativo.mx\/home\/index.php?rest_route=\/wp\/v2\/posts\/31747\/revisions\/31749"}],"wp:featuredmedia":[{"embeddable":true,"href":"https:\/\/icoinformativo.mx\/home\/index.php?rest_route=\/wp\/v2\/media\/31748"}],"wp:attachment":[{"href":"https:\/\/icoinformativo.mx\/home\/index.php?rest_route=%2Fwp%2Fv2%2Fmedia&parent=31747"}],"wp:term":[{"taxonomy":"category","embeddable":true,"href":"https:\/\/icoinformativo.mx\/home\/index.php?rest_route=%2Fwp%2Fv2%2Fcategories&post=31747"},{"taxonomy":"post_tag","embeddable":true,"href":"https:\/\/icoinformativo.mx\/home\/index.php?rest_route=%2Fwp%2Fv2%2Ftags&post=31747"}],"curies":[{"name":"wp","href":"https:\/\/api.w.org\/{rel}","templated":true}]}}