{"id":31680,"date":"2025-03-17T02:33:10","date_gmt":"2025-03-17T02:33:10","guid":{"rendered":"https:\/\/icoinformativo.mx\/home\/?p=31680"},"modified":"2025-03-17T02:33:10","modified_gmt":"2025-03-17T02:33:10","slug":"por-los-delitos-de-privacion-ilegal-de-la-libertad-y-asociacion-delictuosa-detienen-a-presunto-responsable-fge","status":"publish","type":"post","link":"https:\/\/icoinformativo.mx\/home\/?p=31680","title":{"rendered":"*Por los delitos de privaci\u00f3n ilegal de la libertad y asociaci\u00f3n delictuosa, detienen a presunto responsable: FGE*"},"content":{"rendered":"<p>&nbsp;<\/p>\n<p>&#8211; Es considerado un objetivo prioritario<\/p>\n<p>&nbsp;<\/p>\n<p>Elementos de la Agencia de Investigaci\u00f3n e Inteligencia Ministerial de la Fiscal\u00eda General del Estado, y del grupo Fuerza de Reacci\u00f3n Inmediata Pakal,<\/p>\n<p>ejecutaron orden de aprehensi\u00f3n en contra de Alejandro \u201cN\u201d, como presunto responsable de los delitos de privaci\u00f3n ilegal de la libertad, en su modalidad de plagio o secuestro, y asociaci\u00f3n delictuosa, cometido en agravio de una persona del sexo masculino y de la sociedad, en Las Margaritas.<\/p>\n<p>&nbsp;<\/p>\n<p>Cabe mencionar, que el presunto responsable es considerado el objetivo prioritario n\u00famero 14.<\/p>\n<p>&nbsp;<\/p>\n<p>El detenido fue puesto a disposici\u00f3n del \u00f3rgano jurisdiccional, quien determinar\u00e1 su situaci\u00f3n jur\u00eddica.<\/p>\n<p>&nbsp;<\/p>\n<p style=\"text-align: right;\">Con estas acciones, la Fiscal\u00eda General del Estado refrenda su compromiso de aplicar el Estado de derecho y garantiza Cero Impunidad hacia las personas generadores de violencia en Chiapas.<\/p>\n","protected":false},"excerpt":{"rendered":"<p>&nbsp; &#8211; Es considerado un objetivo prioritario &nbsp; Elementos de la Agencia de Investigaci\u00f3n e&#8230;<\/p>\n","protected":false},"author":2,"featured_media":31681,"comment_status":"closed","ping_status":"closed","sticky":false,"template":"","format":"standard","meta":{"_joinchat":[],"footnotes":""},"categories":[18,1,2,3],"tags":[],"class_list":["post-31680","post","type-post","status-publish","format-standard","has-post-thumbnail","hentry","category-almomento","category-boletin","category-estado","category-health"],"_links":{"self":[{"href":"https:\/\/icoinformativo.mx\/home\/index.php?rest_route=\/wp\/v2\/posts\/31680","targetHints":{"allow":["GET"]}}],"collection":[{"href":"https:\/\/icoinformativo.mx\/home\/index.php?rest_route=\/wp\/v2\/posts"}],"about":[{"href":"https:\/\/icoinformativo.mx\/home\/index.php?rest_route=\/wp\/v2\/types\/post"}],"author":[{"embeddable":true,"href":"https:\/\/icoinformativo.mx\/home\/index.php?rest_route=\/wp\/v2\/users\/2"}],"replies":[{"embeddable":true,"href":"https:\/\/icoinformativo.mx\/home\/index.php?rest_route=%2Fwp%2Fv2%2Fcomments&post=31680"}],"version-history":[{"count":1,"href":"https:\/\/icoinformativo.mx\/home\/index.php?rest_route=\/wp\/v2\/posts\/31680\/revisions"}],"predecessor-version":[{"id":31682,"href":"https:\/\/icoinformativo.mx\/home\/index.php?rest_route=\/wp\/v2\/posts\/31680\/revisions\/31682"}],"wp:featuredmedia":[{"embeddable":true,"href":"https:\/\/icoinformativo.mx\/home\/index.php?rest_route=\/wp\/v2\/media\/31681"}],"wp:attachment":[{"href":"https:\/\/icoinformativo.mx\/home\/index.php?rest_route=%2Fwp%2Fv2%2Fmedia&parent=31680"}],"wp:term":[{"taxonomy":"category","embeddable":true,"href":"https:\/\/icoinformativo.mx\/home\/index.php?rest_route=%2Fwp%2Fv2%2Fcategories&post=31680"},{"taxonomy":"post_tag","embeddable":true,"href":"https:\/\/icoinformativo.mx\/home\/index.php?rest_route=%2Fwp%2Fv2%2Ftags&post=31680"}],"curies":[{"name":"wp","href":"https:\/\/api.w.org\/{rel}","templated":true}]}}