{"id":31581,"date":"2025-03-13T02:53:32","date_gmt":"2025-03-13T02:53:32","guid":{"rendered":"https:\/\/icoinformativo.mx\/home\/?p=31581"},"modified":"2025-03-13T02:53:32","modified_gmt":"2025-03-13T02:53:32","slug":"realizan-foro-para-la-transformacion-educativa-en-la-nueva-era-de-chiapas","status":"publish","type":"post","link":"https:\/\/icoinformativo.mx\/home\/?p=31581","title":{"rendered":"Realizan Foro para la Transformaci\u00f3n Educativa en la Nueva Era de Chiapas"},"content":{"rendered":"<p>&nbsp;<\/p>\n<p>Tuxtla Guti\u00e9rrez, Chiapas, a 12 de marzo de 2025.- La Secretar\u00eda de Finanzas, en coordinaci\u00f3n con la Secretar\u00eda de Educaci\u00f3n, llev\u00f3 a cabo el \u201cForo para la Transformaci\u00f3n Educativa en la Nueva Era de Chiapas\u201d. Este evento se alinea con el Plan Estatal de Desarrollo 2025-2030, que busca implementar pol\u00edticas p\u00fablicas inclusivas y equitativas para promover un desarrollo educativo integral en Chiapas.<\/p>\n<p>&nbsp;<\/p>\n<p>\u201cPara invertir en las personas, hay que dar prioridad a la educaci\u00f3n; es un derecho humano fundamental, es la base de las sociedades, de las econom\u00edas y del potencial de cada persona. Pero, sin una inversi\u00f3n adecuada, ese potencial se malograr\u00e1 prematuramente. La inversi\u00f3n es fundamental para alcanzar el Objetivo de Desarrollo Sostenible n\u00famero 4, \u2018Educaci\u00f3n de calidad\u2019, de los Objetivos de la Agenda 2030\u201d, sostuvo el subsecretario de Planeaci\u00f3n de la Secretar\u00eda de Finanzas, Jos\u00e9 Antonio Zenteno Santiago.<\/p>\n<p>&nbsp;<\/p>\n<p>Agreg\u00f3: \u201cEste Foro sobre la Transformaci\u00f3n de la Educaci\u00f3n nos re\u00fane para reimaginar los sistemas educativos, de modo que todas y todos los alumnos accedan a los conocimientos y las competencias necesarias para triunfar. Que de las propuestas y demandas surjan las pol\u00edticas p\u00fablicas a favor de la educaci\u00f3n en entornos de crisis, la educaci\u00f3n de las ni\u00f1as, el aprendizaje b\u00e1sico, la transformaci\u00f3n de la actividad docente, las herramientas digitales y los sistemas educativos ecol\u00f3gicos\u201d.<\/p>\n<p>&nbsp;<\/p>\n<p>Por su parte, el coordinador de Asesores del Gobernador del Estado, Juan Carlos G\u00f3mez Aranda, reconoci\u00f3 la convocatoria de los organizadores por reunir a rectores, acad\u00e9micos, representantes de la sociedad civil y, sobre todo, a la sociedad propositiva en materia educativa. Tambi\u00e9n agradeci\u00f3 a la directora de la Normal Ind\u00edgena Biling\u00fce \u201cJacinto Canek\u201d, Dulce Mar\u00eda L\u00f3pez, por ofrecer las instalaciones para la realizaci\u00f3n de este importante evento educativo.<\/p>\n<p>&nbsp;<\/p>\n<p>El secretario de Educaci\u00f3n, Roger Mandujano Ayala, enfatiz\u00f3 que \u201chay que hacer un plan de desarrollo sectorial, pero tambi\u00e9n un desarrollo de la conciencia, de y para la conciencia del pueblo de Chiapas, porque no basta con hacer mesas de trabajo, sino que es necesario generar un modelo pedag\u00f3gico que contemple no solo la modificaci\u00f3n de los indicadores, sino tambi\u00e9n la generaci\u00f3n de conciencias, por eso estamos aqu\u00ed\u201d.<\/p>\n<p>&nbsp;<\/p>\n<p>\u201cNo solo la conducta, sino el desarrollo de valores; la interacci\u00f3n del alumno con su entorno es lo que genera la chispa de la conciencia. La pregunta es \u00bfc\u00f3mo generar esta pedagog\u00eda? y la respuesta son ustedes, m\u00e1s de 200 expertos hablando de distintos temas de la formaci\u00f3n y profesionalizaci\u00f3n docente de la nueva era educativa en Chiapas\u201d, subray\u00f3.<\/p>\n<p>&nbsp;<\/p>\n<p>2 \/ 2<\/p>\n<p>El foro abord\u00f3 temas clave en mesas de trabajo, tales como: Formaci\u00f3n y profesionalizaci\u00f3n docente; Alfabetizaci\u00f3n y escolarizaci\u00f3n; Innovaci\u00f3n tecnol\u00f3gica y reducci\u00f3n de la brecha digital; y Educaci\u00f3n para la paz y el desarrollo sostenible.<\/p>\n<p>&nbsp;<\/p>\n<p>Al evento asistieron destacados l\u00edderes educativos y funcionarios estatales, entre ellos las diputadas Silvia Arg\u00fcello Garc\u00eda y Marcela Castillo Atristain, presidentas de las Comisiones de Educaci\u00f3n y Planeaci\u00f3n, respectivamente; en representaci\u00f3n del presidente municipal de Zinacant\u00e1n, Mariano Mart\u00ednez P\u00e9rez, asisti\u00f3 Javier L\u00f3pez S\u00e1nchez, rector de la Universidad Intercultural de Chiapas, entre otros.<\/p>\n<p>&nbsp;<\/p>\n<p>El foro concluy\u00f3 con la presentaci\u00f3n de relator\u00edas y la exposici\u00f3n de propuestas concretas, marcando un paso importante hacia la consolidaci\u00f3n de un sistema educativo transformador, incluyente y alineado con los desaf\u00edos del siglo XXI.<\/p>\n<p>&nbsp;<\/p>\n","protected":false},"excerpt":{"rendered":"<p>&nbsp; Tuxtla Guti\u00e9rrez, Chiapas, a 12 de marzo de 2025.- La Secretar\u00eda de Finanzas, en&#8230;<\/p>\n","protected":false},"author":2,"featured_media":31583,"comment_status":"closed","ping_status":"closed","sticky":false,"template":"","format":"standard","meta":{"_joinchat":[],"footnotes":""},"categories":[18,1,2,3],"tags":[],"class_list":["post-31581","post","type-post","status-publish","format-standard","has-post-thumbnail","hentry","category-almomento","category-boletin","category-estado","category-health"],"_links":{"self":[{"href":"https:\/\/icoinformativo.mx\/home\/index.php?rest_route=\/wp\/v2\/posts\/31581","targetHints":{"allow":["GET"]}}],"collection":[{"href":"https:\/\/icoinformativo.mx\/home\/index.php?rest_route=\/wp\/v2\/posts"}],"about":[{"href":"https:\/\/icoinformativo.mx\/home\/index.php?rest_route=\/wp\/v2\/types\/post"}],"author":[{"embeddable":true,"href":"https:\/\/icoinformativo.mx\/home\/index.php?rest_route=\/wp\/v2\/users\/2"}],"replies":[{"embeddable":true,"href":"https:\/\/icoinformativo.mx\/home\/index.php?rest_route=%2Fwp%2Fv2%2Fcomments&post=31581"}],"version-history":[{"count":1,"href":"https:\/\/icoinformativo.mx\/home\/index.php?rest_route=\/wp\/v2\/posts\/31581\/revisions"}],"predecessor-version":[{"id":31584,"href":"https:\/\/icoinformativo.mx\/home\/index.php?rest_route=\/wp\/v2\/posts\/31581\/revisions\/31584"}],"wp:featuredmedia":[{"embeddable":true,"href":"https:\/\/icoinformativo.mx\/home\/index.php?rest_route=\/wp\/v2\/media\/31583"}],"wp:attachment":[{"href":"https:\/\/icoinformativo.mx\/home\/index.php?rest_route=%2Fwp%2Fv2%2Fmedia&parent=31581"}],"wp:term":[{"taxonomy":"category","embeddable":true,"href":"https:\/\/icoinformativo.mx\/home\/index.php?rest_route=%2Fwp%2Fv2%2Fcategories&post=31581"},{"taxonomy":"post_tag","embeddable":true,"href":"https:\/\/icoinformativo.mx\/home\/index.php?rest_route=%2Fwp%2Fv2%2Ftags&post=31581"}],"curies":[{"name":"wp","href":"https:\/\/api.w.org\/{rel}","templated":true}]}}