{"id":31578,"date":"2025-03-13T02:49:46","date_gmt":"2025-03-13T02:49:46","guid":{"rendered":"https:\/\/icoinformativo.mx\/home\/?p=31578"},"modified":"2025-03-13T02:49:46","modified_gmt":"2025-03-13T02:49:46","slug":"icatech-abre-las-puertas-a-un-mejor-futuro-con-capacitacion-de-calidad","status":"publish","type":"post","link":"https:\/\/icoinformativo.mx\/home\/?p=31578","title":{"rendered":"Icatech abre las puertas a un mejor futuro con capacitaci\u00f3n de calidad"},"content":{"rendered":"<p>&nbsp;<\/p>\n<p>\u00b7 Firma de convenio de colaboraci\u00f3n entre Icatech, Ayuntamiento y DIF municipal de Altamirano<\/p>\n<p>&nbsp;<\/p>\n<p>El director general del Instituto de Capacitaci\u00f3n y Vinculaci\u00f3n Tecnol\u00f3gica del Estado de Chiapas (Icatech), C\u00e9sar Espinosa Morales, llev\u00f3 a cabo la firma de un convenio de colaboraci\u00f3n con el Ayuntamiento y el DIF municipal de Altamirano, en el marco de su gira de trabajo por la regi\u00f3n Selva Lacandona.<\/p>\n<p>Durante el evento, Espinosa Morales destac\u00f3 el compromiso del Icatech con el desarrollo de la sociedad chiapaneca, subrayando que la capacitaci\u00f3n es una herramienta fundamental para abrir las puertas a un futuro con mayores oportunidades laborales. \u00abOfrecemos capacitaci\u00f3n de calidad en diversos oficios, brindando los conocimientos y herramientas que se necesitan para destacar en el mercado laboral o incluso para emprender un negocio propio\u00bb, afirm\u00f3.<\/p>\n<p>A trav\u00e9s de este convenio se fortalecer\u00e1n los programas de formaci\u00f3n y certificaci\u00f3n en el municipio, permitiendo que m\u00e1s personas accedan a cursos dise\u00f1ados para impulsar su desarrollo profesional.<\/p>\n<p>Con m\u00e1s de 700 opciones de capacitaci\u00f3n, el Icatech no solo ofrece aprendizaje en distintos oficios, sino tambi\u00e9n certificaciones avaladas que validan la experiencia adquirida y brindan ventajas competitivas en el \u00e1mbito laboral.<\/p>\n<p>El Icatech reafirma su compromiso de seguir trabajando en alianza con los gobiernos municipales y organizaciones locales para llevar la capacitaci\u00f3n a cada rinc\u00f3n del estado, impulsando el crecimiento personal y profesional de la poblaci\u00f3n chiapaneca.<\/p>\n<p>&nbsp;<\/p>\n","protected":false},"excerpt":{"rendered":"<p>&nbsp; \u00b7 Firma de convenio de colaboraci\u00f3n entre Icatech, Ayuntamiento y DIF municipal de Altamirano&#8230;<\/p>\n","protected":false},"author":2,"featured_media":31579,"comment_status":"closed","ping_status":"closed","sticky":false,"template":"","format":"standard","meta":{"_joinchat":[],"footnotes":""},"categories":[18,1,2,3],"tags":[],"class_list":["post-31578","post","type-post","status-publish","format-standard","has-post-thumbnail","hentry","category-almomento","category-boletin","category-estado","category-health"],"_links":{"self":[{"href":"https:\/\/icoinformativo.mx\/home\/index.php?rest_route=\/wp\/v2\/posts\/31578","targetHints":{"allow":["GET"]}}],"collection":[{"href":"https:\/\/icoinformativo.mx\/home\/index.php?rest_route=\/wp\/v2\/posts"}],"about":[{"href":"https:\/\/icoinformativo.mx\/home\/index.php?rest_route=\/wp\/v2\/types\/post"}],"author":[{"embeddable":true,"href":"https:\/\/icoinformativo.mx\/home\/index.php?rest_route=\/wp\/v2\/users\/2"}],"replies":[{"embeddable":true,"href":"https:\/\/icoinformativo.mx\/home\/index.php?rest_route=%2Fwp%2Fv2%2Fcomments&post=31578"}],"version-history":[{"count":1,"href":"https:\/\/icoinformativo.mx\/home\/index.php?rest_route=\/wp\/v2\/posts\/31578\/revisions"}],"predecessor-version":[{"id":31580,"href":"https:\/\/icoinformativo.mx\/home\/index.php?rest_route=\/wp\/v2\/posts\/31578\/revisions\/31580"}],"wp:featuredmedia":[{"embeddable":true,"href":"https:\/\/icoinformativo.mx\/home\/index.php?rest_route=\/wp\/v2\/media\/31579"}],"wp:attachment":[{"href":"https:\/\/icoinformativo.mx\/home\/index.php?rest_route=%2Fwp%2Fv2%2Fmedia&parent=31578"}],"wp:term":[{"taxonomy":"category","embeddable":true,"href":"https:\/\/icoinformativo.mx\/home\/index.php?rest_route=%2Fwp%2Fv2%2Fcategories&post=31578"},{"taxonomy":"post_tag","embeddable":true,"href":"https:\/\/icoinformativo.mx\/home\/index.php?rest_route=%2Fwp%2Fv2%2Ftags&post=31578"}],"curies":[{"name":"wp","href":"https:\/\/api.w.org\/{rel}","templated":true}]}}