{"id":31575,"date":"2025-03-13T02:47:16","date_gmt":"2025-03-13T02:47:16","guid":{"rendered":"https:\/\/icoinformativo.mx\/home\/?p=31575"},"modified":"2025-03-13T02:47:16","modified_gmt":"2025-03-13T02:47:16","slug":"icheja-y-dvv-international-acuerdan-seguir-trabajando-conjuntamente","status":"publish","type":"post","link":"https:\/\/icoinformativo.mx\/home\/?p=31575","title":{"rendered":"Icheja y DVV International acuerdan seguir trabajando conjuntamente"},"content":{"rendered":"<p>&nbsp;<\/p>\n<p>\u00b7 Durante 10 a\u00f1os, ambas instituciones han implementado programas educativos innovadores, capacitaci\u00f3n y certificaci\u00f3n docente, as\u00ed como, el desarrollo de materiales did\u00e1cticos<\/p>\n<p>&nbsp;<\/p>\n<p>Tuxtla Guti\u00e9rrez, Chiapas.- Con el firme compromiso de continuar impulsando la educaci\u00f3n de j\u00f3venes y adultos en la entidad, el Instituto Chiapaneco de Educaci\u00f3n para J\u00f3venes y Adultos (Icheja), y el Instituto de Cooperaci\u00f3n Internacional de la Asociaci\u00f3n Alemana para la Educaci\u00f3n de Adulto (DVV International) firmaron un convenio de colaboraci\u00f3n que permitir\u00e1 dar continuidad a las acciones y proyectos conjuntos iniciados desde el a\u00f1o 2015.<\/p>\n<p>&nbsp;<\/p>\n<p>Durante el evento, el director general del Icheja, Sergio David Molina G\u00f3mez, destac\u00f3 la importancia de esta alianza estrat\u00e9gica que ha contribuido significativamente al fortalecimiento de la educaci\u00f3n para quienes no han tenido acceso a la ense\u00f1anza formal.<\/p>\n<p>&nbsp;<\/p>\n<p>Indic\u00f3 que al ser la alfabetizaci\u00f3n el segundo eje m\u00e1s importante de la actual administraci\u00f3n, es necesario continuar los trabajos de este tipo para seguir obteniendo resultados positivos, y de esta forma dignificar la educaci\u00f3n para j\u00f3venes y adultos. Asimismo, agradeci\u00f3 la presente colaboraci\u00f3n, as\u00ed como el esfuerzo que ha brindado la DVV International a lo largo de los 10 a\u00f1os de trabajo conjunto.<\/p>\n<p>&nbsp;<\/p>\n<p>Al hacer uso de la palabra, Alejandro Venegas Becerra, jefe del Departamento de Atenci\u00f3n a Grupos \u00c9tnicos del Icheja, agradeci\u00f3 y reconoci\u00f3 la aportaci\u00f3n de la DVV International en los \u00faltimos 10 a\u00f1os, en donde de manera institucional se han superado los objetivos y se contin\u00faa trabajando para beneficio de quienes se han formado para llevar una educaci\u00f3n de calidad, as\u00ed como las personas beneficiadas a trav\u00e9s de todos los trabajos llevados a cabo hasta esta fecha.<\/p>\n<p>&nbsp;<\/p>\n<p>Por su parte, Susana Hess-Kalcher, directora regional de DVV International, Centroam\u00e9rica, M\u00e9xico y El Caribe, con sede en la Ciudad de M\u00e9xico, reconoci\u00f3 el trabajo realizado en conjunto con el Icheja, por lo que reiteraron su disposici\u00f3n para continuar apoyando iniciativas que promuevan el aprendizaje a lo largo de la vida, especialmente en comunidades vulnerables.<\/p>\n<p>&nbsp;<\/p>\n<p>En este contexto, resalt\u00f3 que rescatar las experiencias locales y regionales establece las bases para el desarrollo de pol\u00edticas p\u00fablicas que despiertan el inter\u00e9s a nivel nacional, para replicar las estrategias y modelos desarrollados por ambas instituciones, y as\u00ed contar con una oferta educativa de calidad para los diversos sectores de la poblaci\u00f3n.<\/p>\n<p>&nbsp;<\/p>\n<p>Cabe destacar que desde 2015 ambas instituciones han colaborado en la implementaci\u00f3n de programas educativos innovadores, capacitaci\u00f3n y certificaci\u00f3n docente, as\u00ed como el<\/p>\n<p>2 \/ 2<\/p>\n<p>desarrollo de materiales did\u00e1cticos que han beneficiado a miles de j\u00f3venes y adultos hispanohablantes y biling\u00fces en el estado.<\/p>\n<p>&nbsp;<\/p>\n<p>El Icheja reafirma su compromiso con la educaci\u00f3n como un derecho fundamental y agradece la confianza y el apoyo de DVV International para seguir transformando vidas a trav\u00e9s del conocimiento.<\/p>\n<p>&nbsp;<\/p>\n","protected":false},"excerpt":{"rendered":"<p>&nbsp; \u00b7 Durante 10 a\u00f1os, ambas instituciones han implementado programas educativos innovadores, capacitaci\u00f3n y certificaci\u00f3n&#8230;<\/p>\n","protected":false},"author":2,"featured_media":31576,"comment_status":"closed","ping_status":"closed","sticky":false,"template":"","format":"standard","meta":{"_joinchat":[],"footnotes":""},"categories":[18,1,2,3],"tags":[],"class_list":["post-31575","post","type-post","status-publish","format-standard","has-post-thumbnail","hentry","category-almomento","category-boletin","category-estado","category-health"],"_links":{"self":[{"href":"https:\/\/icoinformativo.mx\/home\/index.php?rest_route=\/wp\/v2\/posts\/31575","targetHints":{"allow":["GET"]}}],"collection":[{"href":"https:\/\/icoinformativo.mx\/home\/index.php?rest_route=\/wp\/v2\/posts"}],"about":[{"href":"https:\/\/icoinformativo.mx\/home\/index.php?rest_route=\/wp\/v2\/types\/post"}],"author":[{"embeddable":true,"href":"https:\/\/icoinformativo.mx\/home\/index.php?rest_route=\/wp\/v2\/users\/2"}],"replies":[{"embeddable":true,"href":"https:\/\/icoinformativo.mx\/home\/index.php?rest_route=%2Fwp%2Fv2%2Fcomments&post=31575"}],"version-history":[{"count":1,"href":"https:\/\/icoinformativo.mx\/home\/index.php?rest_route=\/wp\/v2\/posts\/31575\/revisions"}],"predecessor-version":[{"id":31577,"href":"https:\/\/icoinformativo.mx\/home\/index.php?rest_route=\/wp\/v2\/posts\/31575\/revisions\/31577"}],"wp:featuredmedia":[{"embeddable":true,"href":"https:\/\/icoinformativo.mx\/home\/index.php?rest_route=\/wp\/v2\/media\/31576"}],"wp:attachment":[{"href":"https:\/\/icoinformativo.mx\/home\/index.php?rest_route=%2Fwp%2Fv2%2Fmedia&parent=31575"}],"wp:term":[{"taxonomy":"category","embeddable":true,"href":"https:\/\/icoinformativo.mx\/home\/index.php?rest_route=%2Fwp%2Fv2%2Fcategories&post=31575"},{"taxonomy":"post_tag","embeddable":true,"href":"https:\/\/icoinformativo.mx\/home\/index.php?rest_route=%2Fwp%2Fv2%2Ftags&post=31575"}],"curies":[{"name":"wp","href":"https:\/\/api.w.org\/{rel}","templated":true}]}}