{"id":31560,"date":"2025-03-13T02:32:17","date_gmt":"2025-03-13T02:32:17","guid":{"rendered":"https:\/\/icoinformativo.mx\/home\/?p=31560"},"modified":"2025-03-13T02:32:17","modified_gmt":"2025-03-13T02:32:17","slug":"coneculta-presenta-la-convocatoria-pacmyc-2025","status":"publish","type":"post","link":"https:\/\/icoinformativo.mx\/home\/?p=31560","title":{"rendered":"Coneculta presenta la Convocatoria PACMyC 2025"},"content":{"rendered":"<p>&nbsp;<\/p>\n<p>\u00b7 Podr\u00e1n participar proyectos que fomenten la identificaci\u00f3n, documentaci\u00f3n, registro, recuperaci\u00f3n, transmisi\u00f3n, preservaci\u00f3n, promoci\u00f3n o difusi\u00f3n de la cultura<\/p>\n<p>&nbsp;<\/p>\n<p>Tuxtla Guti\u00e9rrez, Chiapas.\u2013 La Secretar\u00eda de Cultura, a trav\u00e9s de la Direcci\u00f3n General de Culturas Populares, Ind\u00edgenas y Urbanas, en coordinaci\u00f3n con el Gobierno del Estado y el Consejo Estatal para las Culturas y las Artes de Chiapas (Coneculta), convocan a participar en el Programa de Apoyo a las Culturas Municipales y Comunitarias (PACMyC) 2025, en su edici\u00f3n n\u00famero 36.<\/p>\n<p>&nbsp;<\/p>\n<p>La convocatoria est\u00e1 dirigida a agrupaciones ind\u00edgenas, afrodescendientes y mestizas que tengan como objetivo la salvaguardia del patrimonio cultural inmaterial de sus comunidades de origen. Podr\u00e1n participar colectivos, mayordom\u00edas, cofrad\u00edas, consejos de ancianos y gremios de creadoras y creadores interesados en desarrollar proyectos culturales comunitarios.<\/p>\n<p>&nbsp;<\/p>\n<p>Esta edici\u00f3n contar\u00e1 con un financiamiento de hasta 100 mil pesos para proyectos que fomenten la identificaci\u00f3n, documentaci\u00f3n, registro, recuperaci\u00f3n, transmisi\u00f3n, preservaci\u00f3n, promoci\u00f3n o difusi\u00f3n de la cultura.<\/p>\n<p>&nbsp;<\/p>\n<p>Entre las propuestas que se podr\u00e1n presentar se incluyen artes y oficios tradicionales, habilidades y t\u00e9cnicas transmitidas de generaci\u00f3n en generaci\u00f3n, conocimientos y usos relacionados con la naturaleza y el universo, la cultura de paz, as\u00ed como acciones de interculturalidad, cooperaci\u00f3n comunitaria y reflexi\u00f3n sobre la reconstrucci\u00f3n del tejido social.<\/p>\n<p>&nbsp;<\/p>\n<p>Asimismo, podr\u00e1n participar con propuestas en patrimonio alimentario, pr\u00e1cticas y saberes de la cocina tradicional local, ind\u00edgena, afromexicana, y planificaci\u00f3n ling\u00fc\u00edstica comunitaria, adem\u00e1s de fortalecer lenguas ind\u00edgenas en riesgo de desaparici\u00f3n, y pr\u00e1cticas sociales, rituales y actos festivos.<\/p>\n<p>&nbsp;<\/p>\n<p>Ang\u00e9lica Altuzar Constantino, directora general del Coneculta, destac\u00f3 la importancia y vitalidad del PACMyC, orientado a la recuperaci\u00f3n de la cultura popular y a fortalecer los procesos que sustentan las expresiones comunitarias.<\/p>\n<p>&nbsp;<\/p>\n<p>\u201cDesde 1989 el PACMyC ha beneficiado a m\u00e1s de 2 mil propuestas en la entidad, resultado de la colaboraci\u00f3n entre los gobiernos federal y estatal, promoviendo el arte y la cultura de paz. Adem\u00e1s, se suman esfuerzos para fortalecer las manifestaciones culturales y ling\u00fc\u00edsticas en el marco del Decenio Internacional de las Lenguas Ind\u00edgenas, propuesto por la Asamblea General de la ONU (2022-2032)\u201d, coment\u00f3.<\/p>\n<p>&nbsp;<\/p>\n<p>2 \/ 2<\/p>\n<p>Altuzar Constantino sostuvo que este proyecto visibiliza los saberes ancestrales, la diversidad ling\u00fc\u00edstica y cultural, aspectos fundamentales que reflejan la chiapanequidad, articulando las diversas identidades culturales que caracterizan a Chiapas.<\/p>\n<p>&nbsp;<\/p>\n<p>\u201cEn esta Nueva ERA, el gobernador Eduardo Ram\u00edrez Aguilar mantiene un firme compromiso con la preservaci\u00f3n de las culturas vivas, entendiendo que las tradiciones, lenguas y pr\u00e1cticas ancestrales son esenciales no solo para el fortalecimiento de nuestra identidad, sino tambi\u00e9n para la construcci\u00f3n de un Chiapas m\u00e1s inclusivo y diverso\u201d, dijo la titular del Coneculta.<\/p>\n<p>&nbsp;<\/p>\n<p>La Direcci\u00f3n General de Culturas Populares, Ind\u00edgenas y Urbanas, fundada en 1978, celebra 47 a\u00f1os de existencia y 36 a\u00f1os impulsando el PACMyC. En la convocatoria 2024 se recibieron 85 proyectos de 32 municipios de Chiapas, y se espera que en esta edici\u00f3n la cifra de participaci\u00f3n se triplique.<\/p>\n<p>&nbsp;<\/p>\n<p>Actualmente, la Comisi\u00f3n de Planeaci\u00f3n y Apoyo a Creadores Populares (CACREP), est\u00e1 conformada por Ang\u00e9lica Guadalupe Altuzar Constantino, titular del Coneculta, como presidenta; Roberto Lorenzo Rueda, jefe de la Unidad Regional de Culturas Populares, Ind\u00edgenas y Urbanas de la DGCPIU, como secretario t\u00e9cnico de la CACREP; y cinco vocales honor\u00edficos, promotores culturales expertos en el arte popular de M\u00e9xico y del estado.<\/p>\n<p>&nbsp;<\/p>\n<p>Cabe destacar que la Convocatoria PACMyC 2025 se dio a conocer el 11 de marzo a trav\u00e9s de diversas plataformas digitales federales y el 12 de marzo en Chiapas. La recepci\u00f3n de proyectos ser\u00e1 del 12 de marzo al 20 de mayo de 2025.<\/p>\n<p>&nbsp;<\/p>\n<p>Para m\u00e1s informaci\u00f3n consulta las redes sociales y p\u00e1gina web del Coneculta, as\u00ed como las redes de Culturas Populares Chiapas o en oficinas.<\/p>\n<p>&nbsp;<\/p>\n<p>Tuxtla Guti\u00e9rrez| Unidad Regional Chiapas: 961 6870147 \/ 961 687 0176 \/Centro Cultural de Chiapas Jaime Sabines\/ 12a Oriente Norte # 2, Col Centro.<\/p>\n<p>&nbsp;<\/p>\n<p>San Crist\u00f3bal de Las Casas| Museo de Culturas Populares Unidad Regional Chiapas: 9671339328, 9672297818 y 9612435940 \/Av. Diego de Mazariegos #37, Barrio de La Merced.<\/p>\n<p>&nbsp;<\/p>\n<p>Motozintla| Casa de Cultura de Motozintla. Unidad Regional Chiapas: 9612692549 \/ Calle Central Ote # 1, Col. Centro<\/p>\n<p>&nbsp;<\/p>\n<p>Chanal |Casa de Cultura. Unidad Regional Chiapas: 9671091933 \/Calle Jos\u00e9 Mar\u00eda Morelos, S\/N, Barrio Centro Yaxnichil.<\/p>\n<p>&nbsp;<\/p>\n","protected":false},"excerpt":{"rendered":"<p>&nbsp; \u00b7 Podr\u00e1n participar proyectos que fomenten la identificaci\u00f3n, documentaci\u00f3n, registro, recuperaci\u00f3n, transmisi\u00f3n, preservaci\u00f3n, promoci\u00f3n&#8230;<\/p>\n","protected":false},"author":2,"featured_media":31561,"comment_status":"closed","ping_status":"closed","sticky":false,"template":"","format":"standard","meta":{"_joinchat":[],"footnotes":""},"categories":[18,1,2,3],"tags":[],"class_list":["post-31560","post","type-post","status-publish","format-standard","has-post-thumbnail","hentry","category-almomento","category-boletin","category-estado","category-health"],"_links":{"self":[{"href":"https:\/\/icoinformativo.mx\/home\/index.php?rest_route=\/wp\/v2\/posts\/31560","targetHints":{"allow":["GET"]}}],"collection":[{"href":"https:\/\/icoinformativo.mx\/home\/index.php?rest_route=\/wp\/v2\/posts"}],"about":[{"href":"https:\/\/icoinformativo.mx\/home\/index.php?rest_route=\/wp\/v2\/types\/post"}],"author":[{"embeddable":true,"href":"https:\/\/icoinformativo.mx\/home\/index.php?rest_route=\/wp\/v2\/users\/2"}],"replies":[{"embeddable":true,"href":"https:\/\/icoinformativo.mx\/home\/index.php?rest_route=%2Fwp%2Fv2%2Fcomments&post=31560"}],"version-history":[{"count":1,"href":"https:\/\/icoinformativo.mx\/home\/index.php?rest_route=\/wp\/v2\/posts\/31560\/revisions"}],"predecessor-version":[{"id":31562,"href":"https:\/\/icoinformativo.mx\/home\/index.php?rest_route=\/wp\/v2\/posts\/31560\/revisions\/31562"}],"wp:featuredmedia":[{"embeddable":true,"href":"https:\/\/icoinformativo.mx\/home\/index.php?rest_route=\/wp\/v2\/media\/31561"}],"wp:attachment":[{"href":"https:\/\/icoinformativo.mx\/home\/index.php?rest_route=%2Fwp%2Fv2%2Fmedia&parent=31560"}],"wp:term":[{"taxonomy":"category","embeddable":true,"href":"https:\/\/icoinformativo.mx\/home\/index.php?rest_route=%2Fwp%2Fv2%2Fcategories&post=31560"},{"taxonomy":"post_tag","embeddable":true,"href":"https:\/\/icoinformativo.mx\/home\/index.php?rest_route=%2Fwp%2Fv2%2Ftags&post=31560"}],"curies":[{"name":"wp","href":"https:\/\/api.w.org\/{rel}","templated":true}]}}