{"id":31551,"date":"2025-03-13T02:07:35","date_gmt":"2025-03-13T02:07:35","guid":{"rendered":"https:\/\/icoinformativo.mx\/home\/?p=31551"},"modified":"2025-03-13T02:08:04","modified_gmt":"2025-03-13T02:08:04","slug":"reforma-se-suma-al-programa-de-alfabetizacion-mas-grande-en-la-historia-de-chiapas","status":"publish","type":"post","link":"https:\/\/icoinformativo.mx\/home\/?p=31551","title":{"rendered":"Reforma se suma al programa de alfabetizaci\u00f3n m\u00e1s grande en la historia de Chiapas"},"content":{"rendered":"<p>&nbsp;<\/p>\n<p>\u201cChiapas Puede\u201d es el programa de alfabetizaci\u00f3n m\u00e1s grande en la historia del estado, impulsado por el gobernador Eduardo Ram\u00edrez. Esta iniciativa brinda la oportunidad de aprender a leer y escribir a quienes lo necesitan, permitiendo la participaci\u00f3n tanto de estudiantes como de tutores voluntarios.<\/p>\n<p>&nbsp;<\/p>\n<p>El gobierno municipal de Reforma, encabezado por el presidente Pedro Ramirez, se une a este esfuerzo con la firma de un convenio de colaboraci\u00f3n con el ICHEJA. Durante el evento, el alcalde destac\u00f3 la importancia de la alfabetizaci\u00f3n y se\u00f1al\u00f3 las consecuencias que el analfabetismo ha generado en la poblaci\u00f3n, coloc\u00e1ndola en una situaci\u00f3n de vulnerabilidad al desconocer sus derechos.<\/p>\n<p>&nbsp;<\/p>\n<p>Por su parte, el director general del ICHEJA Lic. Sergio David Molina G\u00f3mez resalt\u00f3 que este programa est\u00e1 abierto a j\u00f3venes y adultos, representando una gran oportunidad para concluir su educaci\u00f3n b\u00e1sica y acceder a mejores oportunidades de vida.<\/p>\n<p>&nbsp;<\/p>\n<p>Juntos, trabajamos por un Chiapas m\u00e1s preparado y con mayores posibilidades de desarrollo.<\/p>\n","protected":false},"excerpt":{"rendered":"<p>&nbsp; \u201cChiapas Puede\u201d es el programa de alfabetizaci\u00f3n m\u00e1s grande en la historia del estado,&#8230;<\/p>\n","protected":false},"author":2,"featured_media":31552,"comment_status":"closed","ping_status":"closed","sticky":false,"template":"","format":"standard","meta":{"_joinchat":[],"footnotes":""},"categories":[18,1,2,3],"tags":[],"class_list":["post-31551","post","type-post","status-publish","format-standard","has-post-thumbnail","hentry","category-almomento","category-boletin","category-estado","category-health"],"_links":{"self":[{"href":"https:\/\/icoinformativo.mx\/home\/index.php?rest_route=\/wp\/v2\/posts\/31551","targetHints":{"allow":["GET"]}}],"collection":[{"href":"https:\/\/icoinformativo.mx\/home\/index.php?rest_route=\/wp\/v2\/posts"}],"about":[{"href":"https:\/\/icoinformativo.mx\/home\/index.php?rest_route=\/wp\/v2\/types\/post"}],"author":[{"embeddable":true,"href":"https:\/\/icoinformativo.mx\/home\/index.php?rest_route=\/wp\/v2\/users\/2"}],"replies":[{"embeddable":true,"href":"https:\/\/icoinformativo.mx\/home\/index.php?rest_route=%2Fwp%2Fv2%2Fcomments&post=31551"}],"version-history":[{"count":1,"href":"https:\/\/icoinformativo.mx\/home\/index.php?rest_route=\/wp\/v2\/posts\/31551\/revisions"}],"predecessor-version":[{"id":31553,"href":"https:\/\/icoinformativo.mx\/home\/index.php?rest_route=\/wp\/v2\/posts\/31551\/revisions\/31553"}],"wp:featuredmedia":[{"embeddable":true,"href":"https:\/\/icoinformativo.mx\/home\/index.php?rest_route=\/wp\/v2\/media\/31552"}],"wp:attachment":[{"href":"https:\/\/icoinformativo.mx\/home\/index.php?rest_route=%2Fwp%2Fv2%2Fmedia&parent=31551"}],"wp:term":[{"taxonomy":"category","embeddable":true,"href":"https:\/\/icoinformativo.mx\/home\/index.php?rest_route=%2Fwp%2Fv2%2Fcategories&post=31551"},{"taxonomy":"post_tag","embeddable":true,"href":"https:\/\/icoinformativo.mx\/home\/index.php?rest_route=%2Fwp%2Fv2%2Ftags&post=31551"}],"curies":[{"name":"wp","href":"https:\/\/api.w.org\/{rel}","templated":true}]}}