{"id":31545,"date":"2025-03-13T01:59:19","date_gmt":"2025-03-13T01:59:19","guid":{"rendered":"https:\/\/icoinformativo.mx\/home\/?p=31545"},"modified":"2025-03-13T01:59:19","modified_gmt":"2025-03-13T01:59:19","slug":"ssp-y-ejercito-mexicano-detienen-a-dos-personas-por-probables-delitos-contra-la-salud-y-portacion-de-armas-de-fuego-en-huixtla","status":"publish","type":"post","link":"https:\/\/icoinformativo.mx\/home\/?p=31545","title":{"rendered":"*SSP y Ej\u00e9rcito Mexicano detienen a dos personas por probables delitos contra la salud y portaci\u00f3n de armas de fuego en Huixtla*"},"content":{"rendered":"<p>&nbsp;<\/p>\n<p>La Secretar\u00eda de Seguridad del Pueblo (SSP) a trav\u00e9s de la Polic\u00eda Estatal Preventiva (PEP) en operativo coordinado con el Ej\u00e9rcito Mexicano, detuvieron a dos personas como probables responsables del delito contra la salud y violaci\u00f3n a la Ley Federal de Armas de Fuego, en el municipio de Huixtla.<\/p>\n<p>&nbsp;<\/p>\n<p>Durante patrullajes preventivos y disuasivos en la colonia centro del municipio de Huixtla, marcaron el alto al conductor del veh\u00edculo marca Mitsubishi tipo Lancer de color azul, para practicar una revisi\u00f3n de rutina, como parte de las acciones de seguridad y combate al delito en la zona, descendiendo de la unidad dos personas del sexo masculino.<\/p>\n<p>&nbsp;<\/p>\n<p>Resultado de la inspecci\u00f3n realizada, se aseguraron dos armas de fuego del calibre .10 y .40 mil\u00edmetros, 17 cartuchos \u00fatiles de diferentes calibres, 35 envoltorios con hierba verde y seca con las caracter\u00edsticas de la marihuana, dos tel\u00e9fonos celulares, dinero en efectivo y el veh\u00edculo donde se transportaban.<\/p>\n<p>&nbsp;<\/p>\n<p>En consecuencia, se realiz\u00f3 la detenci\u00f3n de Arlex de Jes\u00fas \u201cN\u201d y Luis Ram\u00f3n \u201cN\u201d, quienes junto a los objetos asegurados quedaron a disposici\u00f3n de las autoridades correspondientes para determinar su situaci\u00f3n jur\u00eddica.<\/p>\n<p>&nbsp;<\/p>\n<p>La Secretar\u00eda de Seguridad del Pueblo mantiene los operativos interinstitucionales para brindar seguridad, combate a los il\u00edcitos y prevenci\u00f3n del delito en el estado de Chiapas.<\/p>\n","protected":false},"excerpt":{"rendered":"<p>&nbsp; La Secretar\u00eda de Seguridad del Pueblo (SSP) a trav\u00e9s de la Polic\u00eda Estatal Preventiva&#8230;<\/p>\n","protected":false},"author":2,"featured_media":31546,"comment_status":"closed","ping_status":"closed","sticky":false,"template":"","format":"standard","meta":{"_joinchat":[],"footnotes":""},"categories":[18,1,2,3],"tags":[],"class_list":["post-31545","post","type-post","status-publish","format-standard","has-post-thumbnail","hentry","category-almomento","category-boletin","category-estado","category-health"],"_links":{"self":[{"href":"https:\/\/icoinformativo.mx\/home\/index.php?rest_route=\/wp\/v2\/posts\/31545","targetHints":{"allow":["GET"]}}],"collection":[{"href":"https:\/\/icoinformativo.mx\/home\/index.php?rest_route=\/wp\/v2\/posts"}],"about":[{"href":"https:\/\/icoinformativo.mx\/home\/index.php?rest_route=\/wp\/v2\/types\/post"}],"author":[{"embeddable":true,"href":"https:\/\/icoinformativo.mx\/home\/index.php?rest_route=\/wp\/v2\/users\/2"}],"replies":[{"embeddable":true,"href":"https:\/\/icoinformativo.mx\/home\/index.php?rest_route=%2Fwp%2Fv2%2Fcomments&post=31545"}],"version-history":[{"count":1,"href":"https:\/\/icoinformativo.mx\/home\/index.php?rest_route=\/wp\/v2\/posts\/31545\/revisions"}],"predecessor-version":[{"id":31547,"href":"https:\/\/icoinformativo.mx\/home\/index.php?rest_route=\/wp\/v2\/posts\/31545\/revisions\/31547"}],"wp:featuredmedia":[{"embeddable":true,"href":"https:\/\/icoinformativo.mx\/home\/index.php?rest_route=\/wp\/v2\/media\/31546"}],"wp:attachment":[{"href":"https:\/\/icoinformativo.mx\/home\/index.php?rest_route=%2Fwp%2Fv2%2Fmedia&parent=31545"}],"wp:term":[{"taxonomy":"category","embeddable":true,"href":"https:\/\/icoinformativo.mx\/home\/index.php?rest_route=%2Fwp%2Fv2%2Fcategories&post=31545"},{"taxonomy":"post_tag","embeddable":true,"href":"https:\/\/icoinformativo.mx\/home\/index.php?rest_route=%2Fwp%2Fv2%2Ftags&post=31545"}],"curies":[{"name":"wp","href":"https:\/\/api.w.org\/{rel}","templated":true}]}}