{"id":31542,"date":"2025-03-13T01:57:23","date_gmt":"2025-03-13T01:57:23","guid":{"rendered":"https:\/\/icoinformativo.mx\/home\/?p=31542"},"modified":"2025-03-13T01:57:23","modified_gmt":"2025-03-13T01:57:23","slug":"ssp-y-fge-detienen-a-masculino-con-dosis-de-presunta-cocaina-en-la-concordia","status":"publish","type":"post","link":"https:\/\/icoinformativo.mx\/home\/?p=31542","title":{"rendered":"SSP y FGE detienen a masculino con dosis de presunta coca\u00edna en La Concordia"},"content":{"rendered":"<p>&nbsp;<\/p>\n<p>Durante un operativo de seguridad en la regi\u00f3n Frailesca, la Secretar\u00eda de Seguridad del Pueblo (SSP) a trav\u00e9s de la Fuerza de Reacci\u00f3n Inmediata Pakal (FRIP) y la Polic\u00eda Estatal Preventiva (PEP) en coordinaci\u00f3n con la Agencia de Investigaci\u00f3n e Inteligencia Ministerial de la Fiscal\u00eda General del Estado (FGE) y la Secretar\u00eda de Seguridad y Protecci\u00f3n Ciudadana (SSPC) del Gobierno Federal, lograron la detenci\u00f3n de un masculino por el posible delito contra la salud en el municipio de La Concordia.<\/p>\n<p>Resultado de patrullajes de prevenci\u00f3n, disuasi\u00f3n del delito y proximidad social, en el barrio Santa Lucia de La Concordia, polic\u00edas estatales y federales detuvieron a V\u00edctor \u201cN\u201d alias \u201cEl Nigga\u201d, a quien se le asegur\u00f3 entre sus pertenencias 50 bolsitas de nylon conteniendo sustancia blanca con las caracter\u00edsticas propias de la coca\u00edna.<\/p>\n<p>Adem\u00e1s de una b\u00e1scula gramera, una mochila negra, dinero en efectivo y una motocicleta marca Vento, con placas de circulaci\u00f3n del Estado de Jalisco, veh\u00edculo que conduc\u00eda al momento de la acci\u00f3n policial interinstitucional.<\/p>\n<p>El detenido y los objetos asegurados, quedaron a disposici\u00f3n de las autoridades correspondientes para determinar su situaci\u00f3n jur\u00eddica por los delitos que resulten.<\/p>\n<p>Con estas acciones la Secretar\u00eda de Seguridad del Pueblo, refrenda el compromiso del Gobierno del Estado, de mantener las estrategias de seguridad para el combate a las expresiones delictivas que laceran la integridad f\u00edsica y patrimonial de la ciudadan\u00eda en todo el estado.<\/p>\n","protected":false},"excerpt":{"rendered":"<p>&nbsp; Durante un operativo de seguridad en la regi\u00f3n Frailesca, la Secretar\u00eda de Seguridad del&#8230;<\/p>\n","protected":false},"author":2,"featured_media":31543,"comment_status":"closed","ping_status":"closed","sticky":false,"template":"","format":"standard","meta":{"_joinchat":[],"footnotes":""},"categories":[18,1,2,3],"tags":[],"class_list":["post-31542","post","type-post","status-publish","format-standard","has-post-thumbnail","hentry","category-almomento","category-boletin","category-estado","category-health"],"_links":{"self":[{"href":"https:\/\/icoinformativo.mx\/home\/index.php?rest_route=\/wp\/v2\/posts\/31542","targetHints":{"allow":["GET"]}}],"collection":[{"href":"https:\/\/icoinformativo.mx\/home\/index.php?rest_route=\/wp\/v2\/posts"}],"about":[{"href":"https:\/\/icoinformativo.mx\/home\/index.php?rest_route=\/wp\/v2\/types\/post"}],"author":[{"embeddable":true,"href":"https:\/\/icoinformativo.mx\/home\/index.php?rest_route=\/wp\/v2\/users\/2"}],"replies":[{"embeddable":true,"href":"https:\/\/icoinformativo.mx\/home\/index.php?rest_route=%2Fwp%2Fv2%2Fcomments&post=31542"}],"version-history":[{"count":1,"href":"https:\/\/icoinformativo.mx\/home\/index.php?rest_route=\/wp\/v2\/posts\/31542\/revisions"}],"predecessor-version":[{"id":31544,"href":"https:\/\/icoinformativo.mx\/home\/index.php?rest_route=\/wp\/v2\/posts\/31542\/revisions\/31544"}],"wp:featuredmedia":[{"embeddable":true,"href":"https:\/\/icoinformativo.mx\/home\/index.php?rest_route=\/wp\/v2\/media\/31543"}],"wp:attachment":[{"href":"https:\/\/icoinformativo.mx\/home\/index.php?rest_route=%2Fwp%2Fv2%2Fmedia&parent=31542"}],"wp:term":[{"taxonomy":"category","embeddable":true,"href":"https:\/\/icoinformativo.mx\/home\/index.php?rest_route=%2Fwp%2Fv2%2Fcategories&post=31542"},{"taxonomy":"post_tag","embeddable":true,"href":"https:\/\/icoinformativo.mx\/home\/index.php?rest_route=%2Fwp%2Fv2%2Ftags&post=31542"}],"curies":[{"name":"wp","href":"https:\/\/api.w.org\/{rel}","templated":true}]}}