{"id":31529,"date":"2025-03-12T02:55:00","date_gmt":"2025-03-12T02:55:00","guid":{"rendered":"https:\/\/icoinformativo.mx\/home\/?p=31529"},"modified":"2025-03-12T02:55:00","modified_gmt":"2025-03-12T02:55:00","slug":"iap-chiapas-impulsa-la-capacitacion-en-desarrollo-de-competencias-directivas","status":"publish","type":"post","link":"https:\/\/icoinformativo.mx\/home\/?p=31529","title":{"rendered":"IAP Chiapas impulsa la capacitaci\u00f3n en Desarrollo de Competencias Directivas"},"content":{"rendered":"<p>&nbsp;<\/p>\n<p>\u00b7 El curso, dirigido a los sectores p\u00fablico y privado y a la sociedad en general, inici\u00f3 este 11 de marzo y concluir\u00e1 el pr\u00f3ximo 2 de abril<\/p>\n<p>&nbsp;<\/p>\n<p>Tuxtla Guti\u00e9rrez, Chiapas; 11 de marzo de 2025.-En representaci\u00f3n de la presidenta del Consejo Directivo y rectora del Instituto de Administraci\u00f3n P\u00fablica del Estado de Chiapas (IAP Chiapas), Lysette Raquel Lameiro Camacho, el director de Profesionalizaci\u00f3n para el Desarrollo Institucional, Arturo Selvas Aguirre, acompa\u00f1ado de la instructora Deysi Berenice Acosta Santiago, as\u00ed como directivos del IAP Chiapas, inauguraron el curso Desarrollo de Competencias Directivas, dirigido a los sectores p\u00fablico y privado y a la sociedad en general.<\/p>\n<p>En su mensaje, el director de Profesionalizaci\u00f3n para el Desarrollo Institucional les dio la cordial bienvenida a todas y todos los participantes en nombre de la presidenta del IAP Chiapas, y expres\u00f3 que el objetivo del curso es que las y los participantes utilicen las principales competencias, destrezas y habilidades directivas, a trav\u00e9s del dise\u00f1o y aplicaci\u00f3n de distintas estrategias, para lograr resultados \u00f3ptimos y exitosos en su contexto profesional y personal.<\/p>\n<p>Finalmente, Selvas Aguirre destac\u00f3 que, en la estructura del Plan de estudios del curso, hay ocho temas centrales que consideran un total de 108 subtemas espec\u00edficos vinculados a los temas generales.<\/p>\n<p>Los temas abordados son: Administraci\u00f3n del tiempo; Comunicaci\u00f3n; Trabajo en equipo; Liderazgo; Negociaci\u00f3n; Orientaci\u00f3n a resultados, Presentaciones ejecutivas y Visi\u00f3n estrat\u00e9gica impartido por la instructora Deysi Berenice Acosta Santiago. El curso inici\u00f3 este 11 de marzo y concluir\u00e1 el pr\u00f3ximo 2 de abril, en las instalaciones del IAP Chiapas.<\/p>\n<p>Cabe mencionar que, al t\u00e9rmino del curso, se expedir\u00e1 Diploma con Reconocimiento de Validez Oficial de Estudios (RVOE), de la Secretar\u00eda de Educaci\u00f3n del Estado del Nivel de Formaci\u00f3n para el Trabajo.<\/p>\n","protected":false},"excerpt":{"rendered":"<p>&nbsp; \u00b7 El curso, dirigido a los sectores p\u00fablico y privado y a la sociedad&#8230;<\/p>\n","protected":false},"author":2,"featured_media":31530,"comment_status":"closed","ping_status":"closed","sticky":false,"template":"","format":"standard","meta":{"_joinchat":[],"footnotes":""},"categories":[18,1,2,3],"tags":[],"class_list":["post-31529","post","type-post","status-publish","format-standard","has-post-thumbnail","hentry","category-almomento","category-boletin","category-estado","category-health"],"_links":{"self":[{"href":"https:\/\/icoinformativo.mx\/home\/index.php?rest_route=\/wp\/v2\/posts\/31529","targetHints":{"allow":["GET"]}}],"collection":[{"href":"https:\/\/icoinformativo.mx\/home\/index.php?rest_route=\/wp\/v2\/posts"}],"about":[{"href":"https:\/\/icoinformativo.mx\/home\/index.php?rest_route=\/wp\/v2\/types\/post"}],"author":[{"embeddable":true,"href":"https:\/\/icoinformativo.mx\/home\/index.php?rest_route=\/wp\/v2\/users\/2"}],"replies":[{"embeddable":true,"href":"https:\/\/icoinformativo.mx\/home\/index.php?rest_route=%2Fwp%2Fv2%2Fcomments&post=31529"}],"version-history":[{"count":1,"href":"https:\/\/icoinformativo.mx\/home\/index.php?rest_route=\/wp\/v2\/posts\/31529\/revisions"}],"predecessor-version":[{"id":31531,"href":"https:\/\/icoinformativo.mx\/home\/index.php?rest_route=\/wp\/v2\/posts\/31529\/revisions\/31531"}],"wp:featuredmedia":[{"embeddable":true,"href":"https:\/\/icoinformativo.mx\/home\/index.php?rest_route=\/wp\/v2\/media\/31530"}],"wp:attachment":[{"href":"https:\/\/icoinformativo.mx\/home\/index.php?rest_route=%2Fwp%2Fv2%2Fmedia&parent=31529"}],"wp:term":[{"taxonomy":"category","embeddable":true,"href":"https:\/\/icoinformativo.mx\/home\/index.php?rest_route=%2Fwp%2Fv2%2Fcategories&post=31529"},{"taxonomy":"post_tag","embeddable":true,"href":"https:\/\/icoinformativo.mx\/home\/index.php?rest_route=%2Fwp%2Fv2%2Ftags&post=31529"}],"curies":[{"name":"wp","href":"https:\/\/api.w.org\/{rel}","templated":true}]}}