{"id":31523,"date":"2025-03-12T02:45:09","date_gmt":"2025-03-12T02:45:09","guid":{"rendered":"https:\/\/icoinformativo.mx\/home\/?p=31523"},"modified":"2025-03-12T02:45:09","modified_gmt":"2025-03-12T02:45:09","slug":"cecytech-reafirma-su-compromiso-con-la-igualdad-de-genero","status":"publish","type":"post","link":"https:\/\/icoinformativo.mx\/home\/?p=31523","title":{"rendered":"Cecytech reafirma su compromiso con la igualdad de g\u00e9nero"},"content":{"rendered":"<p>\u00b7 En marco del D\u00eda Internacional de la Mujer, la instituci\u00f3n realiz\u00f3 una conferencia y un acto simb\u00f3lico, donde autoridades y estudiantes plasmaron sus manos en un mo\u00f1o morado en favor de la equidad e inclusi\u00f3n<\/p>\n<p>&nbsp;<\/p>\n<p>Tuxtla Guti\u00e9rrez, Chiapas.- El Colegio de Estudios Cient\u00edficos y Tecnol\u00f3gicos del Estado de Chiapas (Cecytech), a trav\u00e9s de la Unidad de Igualdad de G\u00e9nero, realiz\u00f3 la Conferencia \u00abEmpoderamiento de las Mujeres y ni\u00f1as, Derechos e Igualdad\u201d, en el marco del D\u00eda Internacional de la Mujer, reafirmando su compromiso con la equidad y el fortalecimiento del papel femenino en la educaci\u00f3n.<\/p>\n<p>&nbsp;<\/p>\n<p>En la Sala de Medios Mtra. Carmen V\u00e1zquez Hern\u00e1ndez, el director general del Cecytech, Luis Guadalupe Morales \u00c1ngeles, encabez\u00f3 el evento acompa\u00f1ado por la titular de la Secretar\u00eda de la Mujer e Igualdad de G\u00e9nero (Semuigen), Dulce Mar\u00eda Rodr\u00edguez Ovando; la jefa de la Unidad de Igualdad de G\u00e9nero, Mar\u00eda de Jes\u00fas Vel\u00e1zquez Hern\u00e1ndez; la docente del Plantel 20 San Crist\u00f3bal de Las Casas, Elizabeth Trejo Gonz\u00e1lez y la alumna destacada del Plantel 40 Las \u00c1guilas, Aline Monserrat Serrano Hern\u00e1ndez.<\/p>\n<p>&nbsp;<\/p>\n<p>Morales \u00c1ngeles resalt\u00f3 la importancia de eliminar barreras de g\u00e9nero en la educaci\u00f3n, se\u00f1alando que el 51 por ciento de la matr\u00edcula del Cecytech est\u00e1 conformada por mujeres y afirm\u00f3 que es fundamental garantizar su desarrollo en un entorno libre de estereotipos.<\/p>\n<p>&nbsp;<\/p>\n<p>Asimismo, subray\u00f3 el impacto del programa \u201cCecytech en tu Comunidad\u201d, que acerca servicios de salud y educaci\u00f3n sexual, con perspectiva de g\u00e9nero, as\u00ed como caravanas m\u00e9dicas con atenci\u00f3n odontol\u00f3gica general.<\/p>\n<p>&nbsp;<\/p>\n<p>Dijo que estas acciones no solo fortalecen la formaci\u00f3n acad\u00e9mica y el acceso a la salud, sino que tambi\u00e9n contribuyen al empoderamiento femenino, brindando a las j\u00f3venes herramientas para tomar decisiones informadas y desarrollar su potencial en igualdad de condiciones.<\/p>\n<p>&nbsp;<\/p>\n<p>A su vez, Rodr\u00edguez Ovando resalt\u00f3 la importancia de que las instituciones educativas promuevan la igualdad, impulsando pol\u00edticas y espacios que garanticen el desarrollo de las mujeres.<\/p>\n<p>&nbsp;<\/p>\n<p>En su intervenci\u00f3n, Serrano Hern\u00e1ndez, en representaci\u00f3n de las y los estudiantes, afirm\u00f3 que el Colegio les brinda herramientas para crecer sin barreras de g\u00e9nero y construir un futuro con m\u00e1s oportunidades.<\/p>\n<p>&nbsp;<\/p>\n<p>Como parte del evento, Ollinca Villanueva Hern\u00e1ndez, de la consultor\u00eda SERendipity, imparti\u00f3 una conferencia sobre empoderamiento femenino y, en un acto simb\u00f3lico, las y los asistentes plasmaron su mano con pintura morada en un mo\u00f1o como muestra de compromiso con la igualdad de g\u00e9nero.<\/p>\n","protected":false},"excerpt":{"rendered":"<p>\u00b7 En marco del D\u00eda Internacional de la Mujer, la instituci\u00f3n realiz\u00f3 una conferencia y&#8230;<\/p>\n","protected":false},"author":2,"featured_media":31524,"comment_status":"closed","ping_status":"closed","sticky":false,"template":"","format":"standard","meta":{"_joinchat":[],"footnotes":""},"categories":[18,1,2,3],"tags":[],"class_list":["post-31523","post","type-post","status-publish","format-standard","has-post-thumbnail","hentry","category-almomento","category-boletin","category-estado","category-health"],"_links":{"self":[{"href":"https:\/\/icoinformativo.mx\/home\/index.php?rest_route=\/wp\/v2\/posts\/31523","targetHints":{"allow":["GET"]}}],"collection":[{"href":"https:\/\/icoinformativo.mx\/home\/index.php?rest_route=\/wp\/v2\/posts"}],"about":[{"href":"https:\/\/icoinformativo.mx\/home\/index.php?rest_route=\/wp\/v2\/types\/post"}],"author":[{"embeddable":true,"href":"https:\/\/icoinformativo.mx\/home\/index.php?rest_route=\/wp\/v2\/users\/2"}],"replies":[{"embeddable":true,"href":"https:\/\/icoinformativo.mx\/home\/index.php?rest_route=%2Fwp%2Fv2%2Fcomments&post=31523"}],"version-history":[{"count":1,"href":"https:\/\/icoinformativo.mx\/home\/index.php?rest_route=\/wp\/v2\/posts\/31523\/revisions"}],"predecessor-version":[{"id":31525,"href":"https:\/\/icoinformativo.mx\/home\/index.php?rest_route=\/wp\/v2\/posts\/31523\/revisions\/31525"}],"wp:featuredmedia":[{"embeddable":true,"href":"https:\/\/icoinformativo.mx\/home\/index.php?rest_route=\/wp\/v2\/media\/31524"}],"wp:attachment":[{"href":"https:\/\/icoinformativo.mx\/home\/index.php?rest_route=%2Fwp%2Fv2%2Fmedia&parent=31523"}],"wp:term":[{"taxonomy":"category","embeddable":true,"href":"https:\/\/icoinformativo.mx\/home\/index.php?rest_route=%2Fwp%2Fv2%2Fcategories&post=31523"},{"taxonomy":"post_tag","embeddable":true,"href":"https:\/\/icoinformativo.mx\/home\/index.php?rest_route=%2Fwp%2Fv2%2Ftags&post=31523"}],"curies":[{"name":"wp","href":"https:\/\/api.w.org\/{rel}","templated":true}]}}