{"id":31517,"date":"2025-03-12T02:34:06","date_gmt":"2025-03-12T02:34:06","guid":{"rendered":"https:\/\/icoinformativo.mx\/home\/?p=31517"},"modified":"2025-03-12T02:34:06","modified_gmt":"2025-03-12T02:34:06","slug":"coneculta-presenta-la-coleccion-de-libros-najsakopajk","status":"publish","type":"post","link":"https:\/\/icoinformativo.mx\/home\/?p=31517","title":{"rendered":"Coneculta presenta la colecci\u00f3n de libros Najsakopajk"},"content":{"rendered":"<p>&nbsp;<\/p>\n<p>\u00b7 Este proyecto editorial, gestionado por la Direcci\u00f3n de Publicaciones del Consejo, ofrece una visi\u00f3n de lo que actualmente se escribe en Chiapas<\/p>\n<p>&nbsp;<\/p>\n<p>San Crist\u00f3bal de Las Casas, Chiapas.- Seis libros pertenecientes a la Colecci\u00f3n 2024 \u00abNajsakopajk\u00bb, publicados por la editorial del Consejo Estatal para las Culturas y las Artes de Chiapas (Coneculta), fueron presentados en el Museo de San Crist\u00f3bal de Las Casas, Chiapas.<\/p>\n<p>&nbsp;<\/p>\n<p>Esta colecci\u00f3n, que abarca cuento, dramaturgia, ensayo, poes\u00eda y novela, lleva el nombre de \u201cNajsakopajk\u201d \u2014t\u00e9rmino zoque que significa la vida, la existencia de la cultura, la palabra y la voz que construye el mundo\u2014, re\u00fane las perspectivas de cinco escritoras y escritores chiapanecos contempor\u00e1neos que abordan historias cotidianas, relatos silenciados, la resistencia al olvido, la violencia, la identidad sexual, la fr\u00e1gil moralidad, as\u00ed como la obra po\u00e9tica de \u00d3scar Oliva.<\/p>\n<p>&nbsp;<\/p>\n<p>Los libros presentados incluyen \u00a1M\u00e1talos en caliente!, cuento de Ary Uriel; Olimpo, novela de Marcelino Champo; Detr\u00e1s del silencio est\u00e1 el mar, libro po\u00e9tico de Rosa V\u00e1zquez Jim\u00e9nez; Det\u00e9ngase, no avance m\u00e1s hacia el ca\u00f1\u00f3n, dramaturgia de Daniel Falconi, ganador del Premio Estatal de Dramaturgia Carlos Olmos; El aire se olvida sobre el mar, cuento de \u00c9dgar N\u00fa\u00f1ez Jim\u00e9nez; y Apuntes para un ensayo sobre la obra del poeta, de Jos\u00e9 Natar\u00e9n.<\/p>\n<p>&nbsp;<\/p>\n<p>Ang\u00e9lica Altuzar Constantino, directora general del Coneculta, mencion\u00f3 que este proyecto editorial, gestionado por la Direcci\u00f3n de Publicaciones del Consejo, ofrece una visi\u00f3n de lo que actualmente se escribe en Chiapas en el \u00e1mbito literario.<\/p>\n<p>&nbsp;<\/p>\n<p>Asimismo, destac\u00f3 la importancia de publicar libros de autoras y autores chiapanecos, ya que esta acci\u00f3n no solo enriquece el panorama literario regional, sino que tambi\u00e9n contribuye a la preservaci\u00f3n y difusi\u00f3n de las voces locales.<\/p>\n<p>&nbsp;<\/p>\n<p>\u201cEn esta Nueva ERA la publicaci\u00f3n de estos libros fomenta la lectura promoviendo una cultura de reflexi\u00f3n y di\u00e1logo a trav\u00e9s de la palabra escrita\u201d, mencion\u00f3 la titular de la dependencia.<\/p>\n<p>&nbsp;<\/p>\n<p>Adem\u00e1s, inform\u00f3 que Coneculta, en colaboraci\u00f3n con la Universidad Aut\u00f3noma de Chiapas y la Universidad de Ciencias y Artes de Chiapas, particip\u00f3 en la 46\u00aa edici\u00f3n de la Feria Internacional del Palacio de Miner\u00eda, que tuvo lugar del 21 de febrero al 2 de marzo de 2025, en donde se exhibieron m\u00e1s de 45 t\u00edtulos publicados por el proyecto editorial del Coneculta, lo que permiti\u00f3 difundir la literatura chiapaneca a nivel nacional.<\/p>\n<p>&nbsp;<\/p>\n<p>Cabe destacar que la pr\u00f3xima presentaci\u00f3n se realizar\u00e1 el mi\u00e9rcoles 12 de marzo, a las 18:00 horas, con \u00d3scar Oliva: al norte del futuro. Apuntes para un ensayo sobre la obra del poeta, de Jos\u00e9 Natar\u00e9n, en el Auditorio del Centro Cultural de Chiapas Jaime Sabines. Mientras que el 28 de marzo a las 17:30 horas se presentar\u00e1 el libro, Detr\u00e1s del silencio est\u00e1 el mar, de Rosa V\u00e1zquez Jim\u00e9nez, en la Sala Mural Luis Alaminos que se encuentra en el interior de la Galer\u00eda de Arte Contempor\u00e1neo, del Centro Cultural de Chiapas Jaime Sabines.<\/p>\n","protected":false},"excerpt":{"rendered":"<p>&nbsp; \u00b7 Este proyecto editorial, gestionado por la Direcci\u00f3n de Publicaciones del Consejo, ofrece una&#8230;<\/p>\n","protected":false},"author":2,"featured_media":31518,"comment_status":"closed","ping_status":"closed","sticky":false,"template":"","format":"standard","meta":{"_joinchat":[],"footnotes":""},"categories":[18,1,2,3],"tags":[],"class_list":["post-31517","post","type-post","status-publish","format-standard","has-post-thumbnail","hentry","category-almomento","category-boletin","category-estado","category-health"],"_links":{"self":[{"href":"https:\/\/icoinformativo.mx\/home\/index.php?rest_route=\/wp\/v2\/posts\/31517","targetHints":{"allow":["GET"]}}],"collection":[{"href":"https:\/\/icoinformativo.mx\/home\/index.php?rest_route=\/wp\/v2\/posts"}],"about":[{"href":"https:\/\/icoinformativo.mx\/home\/index.php?rest_route=\/wp\/v2\/types\/post"}],"author":[{"embeddable":true,"href":"https:\/\/icoinformativo.mx\/home\/index.php?rest_route=\/wp\/v2\/users\/2"}],"replies":[{"embeddable":true,"href":"https:\/\/icoinformativo.mx\/home\/index.php?rest_route=%2Fwp%2Fv2%2Fcomments&post=31517"}],"version-history":[{"count":1,"href":"https:\/\/icoinformativo.mx\/home\/index.php?rest_route=\/wp\/v2\/posts\/31517\/revisions"}],"predecessor-version":[{"id":31519,"href":"https:\/\/icoinformativo.mx\/home\/index.php?rest_route=\/wp\/v2\/posts\/31517\/revisions\/31519"}],"wp:featuredmedia":[{"embeddable":true,"href":"https:\/\/icoinformativo.mx\/home\/index.php?rest_route=\/wp\/v2\/media\/31518"}],"wp:attachment":[{"href":"https:\/\/icoinformativo.mx\/home\/index.php?rest_route=%2Fwp%2Fv2%2Fmedia&parent=31517"}],"wp:term":[{"taxonomy":"category","embeddable":true,"href":"https:\/\/icoinformativo.mx\/home\/index.php?rest_route=%2Fwp%2Fv2%2Fcategories&post=31517"},{"taxonomy":"post_tag","embeddable":true,"href":"https:\/\/icoinformativo.mx\/home\/index.php?rest_route=%2Fwp%2Fv2%2Ftags&post=31517"}],"curies":[{"name":"wp","href":"https:\/\/api.w.org\/{rel}","templated":true}]}}