{"id":31487,"date":"2025-03-11T03:24:55","date_gmt":"2025-03-11T03:24:55","guid":{"rendered":"https:\/\/icoinformativo.mx\/home\/?p=31487"},"modified":"2025-03-11T03:24:55","modified_gmt":"2025-03-11T03:24:55","slug":"icatech-signa-convenio-con-municipios-de-la-region-maya-de-chiapas","status":"publish","type":"post","link":"https:\/\/icoinformativo.mx\/home\/?p=31487","title":{"rendered":"Icatech signa convenio con municipios de la regi\u00f3n Maya de Chiapas"},"content":{"rendered":"<p>&nbsp;<\/p>\n<p>\u00b7 Participan los Ayuntamientos y DIF municipales de Palenque, Catazaj\u00e1, La Libertad y Marqu\u00e9s de Comillas<\/p>\n<p>&nbsp;<\/p>\n<p>El director general del Instituto de Capacitaci\u00f3n y Vinculaci\u00f3n Tecnol\u00f3gica del Estado de Chiapas (Icatech), C\u00e9sar Espinosa Morales, llev\u00f3 a cabo la firma de convenios de colaboraci\u00f3n con Ayuntamientos y los DIF municipales de Palenque, Catazaj\u00e1, La Libertad y Marqu\u00e9s de Comillas, con el objetivo de fortalecer el desarrollo econ\u00f3mico y social de la regi\u00f3n Maya de Chiapas.<\/p>\n<p>Destac\u00f3 que a trav\u00e9s de estas alianzas se refuerza el compromiso del Icatech con el progreso de las comunidades, ya que se generan sinergias para el impulso del capital humano, brindando formaci\u00f3n t\u00e9cnica y profesional a la poblaci\u00f3n.<\/p>\n<p>Adem\u00e1s, permitir\u00e1n mejorar la empleabilidad y ampliar las oportunidades laborales mediante la capacitaci\u00f3n de emprendedores y trabajadores en sectores estrat\u00e9gicos como el turismo, la agricultura sostenible y las artesan\u00edas. De esta manera, -dijo- se busca reducir la migraci\u00f3n laboral al ofrecer herramientas que fomenten el crecimiento econ\u00f3mico local.<\/p>\n<p>Espinosa Morales afirm\u00f3 que, con este esfuerzo conjunto que contribuir\u00e1 a la inclusi\u00f3n productiva y a la generaci\u00f3n de empleo digno para sus habitantes, se avanza en la construcci\u00f3n de un futuro m\u00e1s pr\u00f3spero para la regi\u00f3n, consolidando la capacitaci\u00f3n como un pilar clave para el bienestar de la poblaci\u00f3n y el crecimiento sostenible de estos municipios.<\/p>\n","protected":false},"excerpt":{"rendered":"<p>&nbsp; \u00b7 Participan los Ayuntamientos y DIF municipales de Palenque, Catazaj\u00e1, La Libertad y Marqu\u00e9s&#8230;<\/p>\n","protected":false},"author":2,"featured_media":31488,"comment_status":"closed","ping_status":"closed","sticky":false,"template":"","format":"standard","meta":{"_joinchat":[],"footnotes":""},"categories":[18,1,2,3],"tags":[],"class_list":["post-31487","post","type-post","status-publish","format-standard","has-post-thumbnail","hentry","category-almomento","category-boletin","category-estado","category-health"],"_links":{"self":[{"href":"https:\/\/icoinformativo.mx\/home\/index.php?rest_route=\/wp\/v2\/posts\/31487","targetHints":{"allow":["GET"]}}],"collection":[{"href":"https:\/\/icoinformativo.mx\/home\/index.php?rest_route=\/wp\/v2\/posts"}],"about":[{"href":"https:\/\/icoinformativo.mx\/home\/index.php?rest_route=\/wp\/v2\/types\/post"}],"author":[{"embeddable":true,"href":"https:\/\/icoinformativo.mx\/home\/index.php?rest_route=\/wp\/v2\/users\/2"}],"replies":[{"embeddable":true,"href":"https:\/\/icoinformativo.mx\/home\/index.php?rest_route=%2Fwp%2Fv2%2Fcomments&post=31487"}],"version-history":[{"count":1,"href":"https:\/\/icoinformativo.mx\/home\/index.php?rest_route=\/wp\/v2\/posts\/31487\/revisions"}],"predecessor-version":[{"id":31489,"href":"https:\/\/icoinformativo.mx\/home\/index.php?rest_route=\/wp\/v2\/posts\/31487\/revisions\/31489"}],"wp:featuredmedia":[{"embeddable":true,"href":"https:\/\/icoinformativo.mx\/home\/index.php?rest_route=\/wp\/v2\/media\/31488"}],"wp:attachment":[{"href":"https:\/\/icoinformativo.mx\/home\/index.php?rest_route=%2Fwp%2Fv2%2Fmedia&parent=31487"}],"wp:term":[{"taxonomy":"category","embeddable":true,"href":"https:\/\/icoinformativo.mx\/home\/index.php?rest_route=%2Fwp%2Fv2%2Fcategories&post=31487"},{"taxonomy":"post_tag","embeddable":true,"href":"https:\/\/icoinformativo.mx\/home\/index.php?rest_route=%2Fwp%2Fv2%2Ftags&post=31487"}],"curies":[{"name":"wp","href":"https:\/\/api.w.org\/{rel}","templated":true}]}}