{"id":31480,"date":"2025-03-11T03:19:46","date_gmt":"2025-03-11T03:19:46","guid":{"rendered":"https:\/\/icoinformativo.mx\/home\/?p=31480"},"modified":"2025-03-11T03:19:46","modified_gmt":"2025-03-11T03:19:46","slug":"chiapas-fortalece-su-promocion-turistica-a-traves-del-fidetur","status":"publish","type":"post","link":"https:\/\/icoinformativo.mx\/home\/?p=31480","title":{"rendered":"Chiapas fortalece su promoci\u00f3n tur\u00edstica a trav\u00e9s del Fidetur"},"content":{"rendered":"<p>\u00b7 En la Segunda Sesi\u00f3n Extraordinaria del Fidetur se definieron proyectos para impulsar el turismo y el desarrollo econ\u00f3mico del estado<\/p>\n<p>\u00b7 A trav\u00e9s de la colaboraci\u00f3n entre el sector p\u00fablico y privado, se busca consolidar a Chiapas como un destino competitivo e innovador<\/p>\n<p>&nbsp;<\/p>\n<p>Este lunes se llev\u00f3 a cabo la Segunda Sesi\u00f3n Extraordinaria del Fideicomiso para la Promoci\u00f3n, Difusi\u00f3n y Comercializaci\u00f3n de los Atractivos Tur\u00edsticos de Chiapas (Fidetur), en donde se definieron acciones y proyectos estrat\u00e9gicos para fortalecer la promoci\u00f3n tur\u00edstica del estado.<\/p>\n<p>&nbsp;<\/p>\n<p>La reuni\u00f3n fue encabezada por la secretaria de Turismo y presidenta del Fidetur, Mar\u00eda Eugenia Culebro P\u00e9rez, y el secretario t\u00e9cnico, Andr\u00e9s S\u00e1nchez de Le\u00f3n, y cont\u00f3 con la participaci\u00f3n de representantes del gobierno, c\u00e1maras de comercio y agencias de viaje. Durante la sesi\u00f3n, se present\u00f3 el nombramiento de Jos\u00e9 Ricardo Cruz Montellano, como presidente suplente del fideicomiso.<\/p>\n<p>&nbsp;<\/p>\n<p>Adem\u00e1s, se present\u00f3 al Comit\u00e9 T\u00e9cnico la propuesta de Cartera de Proyectos y Acciones para el ejercicio fiscal 2025, con el objetivo de impulsar el desarrollo tur\u00edstico de Chiapas, generando nuevas oportunidades para el crecimiento econ\u00f3mico y social del estado.<\/p>\n<p>&nbsp;<\/p>\n<p>El Fidetur tiene como objetivo potenciar la proyecci\u00f3n tur\u00edstica del estado, adem\u00e1s de impulsar la competitividad del sector y atraer a m\u00e1s visitantes a trav\u00e9s de proyectos innovadores, y una estrecha colaboraci\u00f3n entre los sectores p\u00fablico y privado.<\/p>\n","protected":false},"excerpt":{"rendered":"<p>\u00b7 En la Segunda Sesi\u00f3n Extraordinaria del Fidetur se definieron proyectos para impulsar el turismo&#8230;<\/p>\n","protected":false},"author":2,"featured_media":31482,"comment_status":"closed","ping_status":"closed","sticky":false,"template":"","format":"standard","meta":{"_joinchat":[],"footnotes":""},"categories":[18,1,2,3],"tags":[],"class_list":["post-31480","post","type-post","status-publish","format-standard","has-post-thumbnail","hentry","category-almomento","category-boletin","category-estado","category-health"],"_links":{"self":[{"href":"https:\/\/icoinformativo.mx\/home\/index.php?rest_route=\/wp\/v2\/posts\/31480","targetHints":{"allow":["GET"]}}],"collection":[{"href":"https:\/\/icoinformativo.mx\/home\/index.php?rest_route=\/wp\/v2\/posts"}],"about":[{"href":"https:\/\/icoinformativo.mx\/home\/index.php?rest_route=\/wp\/v2\/types\/post"}],"author":[{"embeddable":true,"href":"https:\/\/icoinformativo.mx\/home\/index.php?rest_route=\/wp\/v2\/users\/2"}],"replies":[{"embeddable":true,"href":"https:\/\/icoinformativo.mx\/home\/index.php?rest_route=%2Fwp%2Fv2%2Fcomments&post=31480"}],"version-history":[{"count":1,"href":"https:\/\/icoinformativo.mx\/home\/index.php?rest_route=\/wp\/v2\/posts\/31480\/revisions"}],"predecessor-version":[{"id":31483,"href":"https:\/\/icoinformativo.mx\/home\/index.php?rest_route=\/wp\/v2\/posts\/31480\/revisions\/31483"}],"wp:featuredmedia":[{"embeddable":true,"href":"https:\/\/icoinformativo.mx\/home\/index.php?rest_route=\/wp\/v2\/media\/31482"}],"wp:attachment":[{"href":"https:\/\/icoinformativo.mx\/home\/index.php?rest_route=%2Fwp%2Fv2%2Fmedia&parent=31480"}],"wp:term":[{"taxonomy":"category","embeddable":true,"href":"https:\/\/icoinformativo.mx\/home\/index.php?rest_route=%2Fwp%2Fv2%2Fcategories&post=31480"},{"taxonomy":"post_tag","embeddable":true,"href":"https:\/\/icoinformativo.mx\/home\/index.php?rest_route=%2Fwp%2Fv2%2Ftags&post=31480"}],"curies":[{"name":"wp","href":"https:\/\/api.w.org\/{rel}","templated":true}]}}