{"id":31465,"date":"2025-03-09T04:43:45","date_gmt":"2025-03-09T04:43:45","guid":{"rendered":"https:\/\/icoinformativo.mx\/home\/?p=31465"},"modified":"2025-03-09T04:43:45","modified_gmt":"2025-03-09T04:43:45","slug":"gobierno-municipal-de-solosuchiapa-conmemora-dia-internacional-de-la-mujer","status":"publish","type":"post","link":"https:\/\/icoinformativo.mx\/home\/?p=31465","title":{"rendered":"Gobierno Municipal de Solosuchiapa conmemora D\u00eda Internacional de la Mujer\u00a0"},"content":{"rendered":"<p>&nbsp;<\/p>\n<p>El \u00e1rea de Instancia de la Mujer, en coordinaci\u00f3n con Prevenci\u00f3n del Delito, Secretar\u00eda de salud y Casa de la Cultura, llevaron a cabo una activaci\u00f3n f\u00edsica en conmemoraci\u00f3n del D\u00eda Internacional de la Mujer.<\/p>\n<p>&nbsp;<\/p>\n<p>Esta actividad busca promover el bienestar y la participaci\u00f3n de las mujeres en espacios de recreaci\u00f3n y salud, reafirmando el compromiso de impulsar acciones en favor de su desarrollo integral.<\/p>\n<p>&nbsp;<\/p>\n<p>\u00a1Por un Solosuchiapa de mujeres fuertes!\ud83d\udc4a\ud83c\udffb\ud83d\udc9c<\/p>\n<p>&nbsp;<\/p>\n<p>#queorgullosershuleco<\/p>\n","protected":false},"excerpt":{"rendered":"<p>&nbsp; El \u00e1rea de Instancia de la Mujer, en coordinaci\u00f3n con Prevenci\u00f3n del Delito, Secretar\u00eda&#8230;<\/p>\n","protected":false},"author":2,"featured_media":31466,"comment_status":"closed","ping_status":"closed","sticky":false,"template":"","format":"standard","meta":{"_joinchat":[],"footnotes":""},"categories":[18,1,2,3],"tags":[],"class_list":["post-31465","post","type-post","status-publish","format-standard","has-post-thumbnail","hentry","category-almomento","category-boletin","category-estado","category-health"],"_links":{"self":[{"href":"https:\/\/icoinformativo.mx\/home\/index.php?rest_route=\/wp\/v2\/posts\/31465","targetHints":{"allow":["GET"]}}],"collection":[{"href":"https:\/\/icoinformativo.mx\/home\/index.php?rest_route=\/wp\/v2\/posts"}],"about":[{"href":"https:\/\/icoinformativo.mx\/home\/index.php?rest_route=\/wp\/v2\/types\/post"}],"author":[{"embeddable":true,"href":"https:\/\/icoinformativo.mx\/home\/index.php?rest_route=\/wp\/v2\/users\/2"}],"replies":[{"embeddable":true,"href":"https:\/\/icoinformativo.mx\/home\/index.php?rest_route=%2Fwp%2Fv2%2Fcomments&post=31465"}],"version-history":[{"count":1,"href":"https:\/\/icoinformativo.mx\/home\/index.php?rest_route=\/wp\/v2\/posts\/31465\/revisions"}],"predecessor-version":[{"id":31467,"href":"https:\/\/icoinformativo.mx\/home\/index.php?rest_route=\/wp\/v2\/posts\/31465\/revisions\/31467"}],"wp:featuredmedia":[{"embeddable":true,"href":"https:\/\/icoinformativo.mx\/home\/index.php?rest_route=\/wp\/v2\/media\/31466"}],"wp:attachment":[{"href":"https:\/\/icoinformativo.mx\/home\/index.php?rest_route=%2Fwp%2Fv2%2Fmedia&parent=31465"}],"wp:term":[{"taxonomy":"category","embeddable":true,"href":"https:\/\/icoinformativo.mx\/home\/index.php?rest_route=%2Fwp%2Fv2%2Fcategories&post=31465"},{"taxonomy":"post_tag","embeddable":true,"href":"https:\/\/icoinformativo.mx\/home\/index.php?rest_route=%2Fwp%2Fv2%2Ftags&post=31465"}],"curies":[{"name":"wp","href":"https:\/\/api.w.org\/{rel}","templated":true}]}}