{"id":31462,"date":"2025-03-09T04:39:32","date_gmt":"2025-03-09T04:39:32","guid":{"rendered":"https:\/\/icoinformativo.mx\/home\/?p=31462"},"modified":"2025-03-09T04:39:32","modified_gmt":"2025-03-09T04:39:32","slug":"compromiso-con-el-desarrollo-de-pichucalco","status":"publish","type":"post","link":"https:\/\/icoinformativo.mx\/home\/?p=31462","title":{"rendered":"Compromiso con el Desarrollo de Pichucalco"},"content":{"rendered":"<p>&nbsp;<\/p>\n<p>El presidente municipal, Andr\u00e9s Carballo C\u00f3rdova, reafirma su compromiso con el bienestar y desarrollo de nuestro municipio. Por ello, el d\u00eda de hoy particip\u00f3 en la Jornada de Capacitaci\u00f3n FAIS 2025, cuyo objetivo fue presentar las principales actualizaciones normativas y t\u00e9cnicas para la planeaci\u00f3n y el seguimiento del Fondo de Aportaciones para la Infraestructura Social.<\/p>\n<p>&nbsp;<\/p>\n<p>El presidente Andr\u00e9s Carballo C\u00f3rdova destac\u00f3: \u00abMantenerse en constante actualizaci\u00f3n permite desempe\u00f1ar mejor mi funci\u00f3n y llevar a cabo acciones concretas que realmente contribuyan al cambio positivo de Pichucalco.\u00bb<\/p>\n<p>&nbsp;<\/p>\n<p>Adem\u00e1s, tuvo el honor de saludar a la delegada de Programas para el Bienestar en Chiapas, la Lic. Manuela Obrador, fortaleciendo los lazos de colaboraci\u00f3n.<\/p>\n<p>&nbsp;<\/p>\n","protected":false},"excerpt":{"rendered":"<p>&nbsp; El presidente municipal, Andr\u00e9s Carballo C\u00f3rdova, reafirma su compromiso con el bienestar y desarrollo&#8230;<\/p>\n","protected":false},"author":2,"featured_media":31463,"comment_status":"closed","ping_status":"closed","sticky":false,"template":"","format":"standard","meta":{"_joinchat":[],"footnotes":""},"categories":[18,1,2,3],"tags":[],"class_list":["post-31462","post","type-post","status-publish","format-standard","has-post-thumbnail","hentry","category-almomento","category-boletin","category-estado","category-health"],"_links":{"self":[{"href":"https:\/\/icoinformativo.mx\/home\/index.php?rest_route=\/wp\/v2\/posts\/31462","targetHints":{"allow":["GET"]}}],"collection":[{"href":"https:\/\/icoinformativo.mx\/home\/index.php?rest_route=\/wp\/v2\/posts"}],"about":[{"href":"https:\/\/icoinformativo.mx\/home\/index.php?rest_route=\/wp\/v2\/types\/post"}],"author":[{"embeddable":true,"href":"https:\/\/icoinformativo.mx\/home\/index.php?rest_route=\/wp\/v2\/users\/2"}],"replies":[{"embeddable":true,"href":"https:\/\/icoinformativo.mx\/home\/index.php?rest_route=%2Fwp%2Fv2%2Fcomments&post=31462"}],"version-history":[{"count":1,"href":"https:\/\/icoinformativo.mx\/home\/index.php?rest_route=\/wp\/v2\/posts\/31462\/revisions"}],"predecessor-version":[{"id":31464,"href":"https:\/\/icoinformativo.mx\/home\/index.php?rest_route=\/wp\/v2\/posts\/31462\/revisions\/31464"}],"wp:featuredmedia":[{"embeddable":true,"href":"https:\/\/icoinformativo.mx\/home\/index.php?rest_route=\/wp\/v2\/media\/31463"}],"wp:attachment":[{"href":"https:\/\/icoinformativo.mx\/home\/index.php?rest_route=%2Fwp%2Fv2%2Fmedia&parent=31462"}],"wp:term":[{"taxonomy":"category","embeddable":true,"href":"https:\/\/icoinformativo.mx\/home\/index.php?rest_route=%2Fwp%2Fv2%2Fcategories&post=31462"},{"taxonomy":"post_tag","embeddable":true,"href":"https:\/\/icoinformativo.mx\/home\/index.php?rest_route=%2Fwp%2Fv2%2Ftags&post=31462"}],"curies":[{"name":"wp","href":"https:\/\/api.w.org\/{rel}","templated":true}]}}