{"id":31459,"date":"2025-03-09T04:37:02","date_gmt":"2025-03-09T04:37:02","guid":{"rendered":"https:\/\/icoinformativo.mx\/home\/?p=31459"},"modified":"2025-03-09T04:37:02","modified_gmt":"2025-03-09T04:37:02","slug":"%f0%9d%90%8f%f0%9d%90%9a%f0%9d%90%a7%f0%9d%90%ad%f0%9d%90%9e%f0%9d%90%a9%f0%9d%90%9e%f0%9d%90%9c-%f0%9d%90%9c%f0%9d%90%a8%f0%9d%90%a7%f0%9d%90%a6%f0%9d%90%9e%f0%9d%90%a6%f0%9d%90%a8%f0%9d%90%ab","status":"publish","type":"post","link":"https:\/\/icoinformativo.mx\/home\/?p=31459","title":{"rendered":"\ud835\udc0f\ud835\udc1a\ud835\udc27\ud835\udc2d\ud835\udc1e\ud835\udc29\ud835\udc1e\ud835\udc1c \ud835\udc1c\ud835\udc28\ud835\udc27\ud835\udc26\ud835\udc1e\ud835\udc26\ud835\udc28\ud835\udc2b\ud835\udc1a \ud835\udc1e\ud835\udc25 \ud835\udc03\u00eda \ud835\udc08\ud835\udc27\ud835\udc2d\ud835\udc1e\ud835\udc2b\ud835\udc27\ud835\udc1a\ud835\udc1c\ud835\udc22\ud835\udc28\ud835\udc27\ud835\udc1a\ud835\udc25 \ud835\udc1d\ud835\udc1e \ud835\udc25\ud835\udc1a \ud835\udc0c\ud835\udc2e\ud835\udc23\ud835\udc1e\ud835\udc2b \ud835\udc1c\ud835\udc28\ud835\udc27 \ud835\udc22\ud835\udc26\ud835\udc29\ud835\udc28\ud835\udc2b\ud835\udc2d\ud835\udc1a\ud835\udc27\ud835\udc2d\ud835\udc1e \ud835\udc1e\ud835\udc2f\ud835\udc1e\ud835\udc27\ud835\udc2d\ud835\udc28 \ud835\udc28\ud835\udc2b\ud835\udc20\ud835\udc1a\ud835\udc27\ud835\udc22\ud835\udc33\ud835\udc1a\ud835\udc1d\ud835\udc28 \ud835\udc29\ud835\udc28\ud835\udc2b \ud835\udc1e\ud835\udc25 \ud835\udc20\ud835\udc28\ud835\udc1b\ud835\udc22\ud835\udc1e\ud835\udc2b\ud835\udc27\ud835\udc28 \ud835\udc26\ud835\udc2e\ud835\udc27\ud835\udc22\ud835\udc1c\ud835\udc22\ud835\udc29\ud835\udc1a\ud835\udc25"},"content":{"rendered":"<p>&nbsp;<\/p>\n<p>En el marco del D\u00eda Internacional de la Mujer, el gobierno municipal de Pantepec, Chiapas, encabezado por el Lic. Osmar Wilian Velasco Garc\u00eda, llev\u00f3 a cabo un significativo evento de conmemoraci\u00f3n, reafirmando su compromiso con la equidad de g\u00e9nero y el reconocimiento del papel fundamental de las mujeres en la sociedad.<\/p>\n<p>&nbsp;<\/p>\n<p>El evento cont\u00f3 con la destacada participaci\u00f3n de mujeres de todo el municipio, quienes se dieron cita para compartir experiencias, reflexionar sobre los avances en materia de igualdad y fortalecer la lucha por sus derechos.<\/p>\n<p>&nbsp;<\/p>\n<p>Asimismo, estuvieron presentes los integrantes del cabildo, delegados y representantes de diversas instituciones.<\/p>\n<p>&nbsp;<\/p>\n<p>Uno de los momentos m\u00e1s relevantes fue la presencia de la diputada local, Lic. Selene Josefina S\u00e1nchez Cruz, quien enfatiz\u00f3 en su discurso la importancia de continuar generando espacios de participaci\u00f3n para las mujeres y promoviendo pol\u00edticas p\u00fablicas que garanticen su bienestar y desarrollo.<\/p>\n<p>&nbsp;<\/p>\n<p>Durante la jornada se llevaron a cabo ponencias impartidas por expertas en diferentes \u00e1mbitos, as\u00ed como diversas actividades que permitieron a las asistentes expresar sus ideas y propuestas en favor de la igualdad de g\u00e9nero.<\/p>\n<p>&nbsp;<\/p>\n<p>Adem\u00e1s, se realizaron presentaciones culturales y participaciones que enriquecieron el evento, convirti\u00e9ndolo en un espacio de di\u00e1logo y empoderamiento.<\/p>\n<p>&nbsp;<\/p>\n<p>El gobierno municipal de Pantepec reiter\u00f3 su compromiso de seguir trabajando en favor de las mujeres, impulsando programas y acciones que contribuyan a la construcci\u00f3n de una sociedad m\u00e1s justa e inclusiva.<\/p>\n<p>&nbsp;<\/p>\n","protected":false},"excerpt":{"rendered":"<p>&nbsp; En el marco del D\u00eda Internacional de la Mujer, el gobierno municipal de Pantepec,&#8230;<\/p>\n","protected":false},"author":2,"featured_media":31460,"comment_status":"closed","ping_status":"closed","sticky":false,"template":"","format":"standard","meta":{"_joinchat":[],"footnotes":""},"categories":[18,1,2,3],"tags":[],"class_list":["post-31459","post","type-post","status-publish","format-standard","has-post-thumbnail","hentry","category-almomento","category-boletin","category-estado","category-health"],"_links":{"self":[{"href":"https:\/\/icoinformativo.mx\/home\/index.php?rest_route=\/wp\/v2\/posts\/31459","targetHints":{"allow":["GET"]}}],"collection":[{"href":"https:\/\/icoinformativo.mx\/home\/index.php?rest_route=\/wp\/v2\/posts"}],"about":[{"href":"https:\/\/icoinformativo.mx\/home\/index.php?rest_route=\/wp\/v2\/types\/post"}],"author":[{"embeddable":true,"href":"https:\/\/icoinformativo.mx\/home\/index.php?rest_route=\/wp\/v2\/users\/2"}],"replies":[{"embeddable":true,"href":"https:\/\/icoinformativo.mx\/home\/index.php?rest_route=%2Fwp%2Fv2%2Fcomments&post=31459"}],"version-history":[{"count":1,"href":"https:\/\/icoinformativo.mx\/home\/index.php?rest_route=\/wp\/v2\/posts\/31459\/revisions"}],"predecessor-version":[{"id":31461,"href":"https:\/\/icoinformativo.mx\/home\/index.php?rest_route=\/wp\/v2\/posts\/31459\/revisions\/31461"}],"wp:featuredmedia":[{"embeddable":true,"href":"https:\/\/icoinformativo.mx\/home\/index.php?rest_route=\/wp\/v2\/media\/31460"}],"wp:attachment":[{"href":"https:\/\/icoinformativo.mx\/home\/index.php?rest_route=%2Fwp%2Fv2%2Fmedia&parent=31459"}],"wp:term":[{"taxonomy":"category","embeddable":true,"href":"https:\/\/icoinformativo.mx\/home\/index.php?rest_route=%2Fwp%2Fv2%2Fcategories&post=31459"},{"taxonomy":"post_tag","embeddable":true,"href":"https:\/\/icoinformativo.mx\/home\/index.php?rest_route=%2Fwp%2Fv2%2Ftags&post=31459"}],"curies":[{"name":"wp","href":"https:\/\/api.w.org\/{rel}","templated":true}]}}