{"id":31456,"date":"2025-03-09T04:34:11","date_gmt":"2025-03-09T04:34:11","guid":{"rendered":"https:\/\/icoinformativo.mx\/home\/?p=31456"},"modified":"2025-03-09T04:34:11","modified_gmt":"2025-03-09T04:34:11","slug":"gobernador-eduardo-ramirez-y-titular-de-sagyp-marco-barba-arrocha-inauguran-expo-feria-tapachula-2025","status":"publish","type":"post","link":"https:\/\/icoinformativo.mx\/home\/?p=31456","title":{"rendered":"Gobernador Eduardo Ram\u00edrez y titular de SAGYP Marco Barba Arrocha inauguran Expo Feria Tapachula 2025"},"content":{"rendered":"<p>&nbsp;<\/p>\n<p>La Expo Feria Tapachula 2025 qued\u00f3 oficialmente inaugurada por el gobernador Eduardo Ram\u00edrez Aguilar y su esposa, Sof\u00eda Espinosa, en un evento que marca el inicio de una de las festividades m\u00e1s representativas del estado. Tuve el honor de acompa\u00f1arlos junto con mi esposa, Ver\u00f3nica Morales De Barba, en este acto que re\u00fane a miles de visitantes y promueve la cultura, el comercio y la ganader\u00eda en la regi\u00f3n.<\/p>\n<p>&nbsp;<\/p>\n<p>Realizamos un recorrido por los pabellones, constatando la diversidad de actividades y el esfuerzo de quienes participan en esta feria. La Expo Feria Tapachula 2025 ofrece una experiencia completa para toda la familia, con conciertos, espect\u00e1culos, juegos mec\u00e1nicos y exposiciones ganaderas, comerciales y artesanales, consolid\u00e1ndose como un referente de esparcimiento y desarrollo econ\u00f3mico.<\/p>\n<p>&nbsp;<\/p>\n<p>Asimismo, anoche qued\u00f3 formalmente inaugurada la Exposici\u00f3n Ganadera Regional de Tapachula 2025, un espacio importante para el sector pecuario de Chiapas, que del 7 al 14 de marzo reunir\u00e1 a productores, criadores y expertos en una muestra de calidad gen\u00e9tica, innovaci\u00f3n y tradici\u00f3n.<\/p>\n<p>&nbsp;<\/p>\n<p>Invito a todas y todos a sumarse a esta gran celebraci\u00f3n. La Expo Feria Tapachula 2025 los espera para vivir momentos inolvidables en un ambiente de alegr\u00eda, cultura y desarrollo.<\/p>\n","protected":false},"excerpt":{"rendered":"<p>&nbsp; La Expo Feria Tapachula 2025 qued\u00f3 oficialmente inaugurada por el gobernador Eduardo Ram\u00edrez Aguilar&#8230;<\/p>\n","protected":false},"author":2,"featured_media":31457,"comment_status":"closed","ping_status":"closed","sticky":false,"template":"","format":"standard","meta":{"_joinchat":[],"footnotes":""},"categories":[18,1,2,3],"tags":[],"class_list":["post-31456","post","type-post","status-publish","format-standard","has-post-thumbnail","hentry","category-almomento","category-boletin","category-estado","category-health"],"_links":{"self":[{"href":"https:\/\/icoinformativo.mx\/home\/index.php?rest_route=\/wp\/v2\/posts\/31456","targetHints":{"allow":["GET"]}}],"collection":[{"href":"https:\/\/icoinformativo.mx\/home\/index.php?rest_route=\/wp\/v2\/posts"}],"about":[{"href":"https:\/\/icoinformativo.mx\/home\/index.php?rest_route=\/wp\/v2\/types\/post"}],"author":[{"embeddable":true,"href":"https:\/\/icoinformativo.mx\/home\/index.php?rest_route=\/wp\/v2\/users\/2"}],"replies":[{"embeddable":true,"href":"https:\/\/icoinformativo.mx\/home\/index.php?rest_route=%2Fwp%2Fv2%2Fcomments&post=31456"}],"version-history":[{"count":1,"href":"https:\/\/icoinformativo.mx\/home\/index.php?rest_route=\/wp\/v2\/posts\/31456\/revisions"}],"predecessor-version":[{"id":31458,"href":"https:\/\/icoinformativo.mx\/home\/index.php?rest_route=\/wp\/v2\/posts\/31456\/revisions\/31458"}],"wp:featuredmedia":[{"embeddable":true,"href":"https:\/\/icoinformativo.mx\/home\/index.php?rest_route=\/wp\/v2\/media\/31457"}],"wp:attachment":[{"href":"https:\/\/icoinformativo.mx\/home\/index.php?rest_route=%2Fwp%2Fv2%2Fmedia&parent=31456"}],"wp:term":[{"taxonomy":"category","embeddable":true,"href":"https:\/\/icoinformativo.mx\/home\/index.php?rest_route=%2Fwp%2Fv2%2Fcategories&post=31456"},{"taxonomy":"post_tag","embeddable":true,"href":"https:\/\/icoinformativo.mx\/home\/index.php?rest_route=%2Fwp%2Fv2%2Ftags&post=31456"}],"curies":[{"name":"wp","href":"https:\/\/api.w.org\/{rel}","templated":true}]}}