{"id":31453,"date":"2025-03-09T04:23:53","date_gmt":"2025-03-09T04:23:53","guid":{"rendered":"https:\/\/icoinformativo.mx\/home\/?p=31453"},"modified":"2025-03-09T04:23:53","modified_gmt":"2025-03-09T04:23:53","slug":"reconoce-subsecretaria-de-planeacion-educativa-el-papel-de-las-mujeres-en-la-transformacion-social","status":"publish","type":"post","link":"https:\/\/icoinformativo.mx\/home\/?p=31453","title":{"rendered":"Reconoce Subsecretar\u00eda de Planeaci\u00f3n Educativa el papel de las mujeres en la transformaci\u00f3n social"},"content":{"rendered":"<p>&nbsp;<\/p>\n<p>Tuxtla Guti\u00e9rrez.- En el marco del D\u00eda Internacional de la Mujer, la Subsecretar\u00eda de Planeaci\u00f3n Educativa llev\u00f3 a cabo la conferencia \u201cAntropolog\u00edas Feministas en Rebeld\u00eda en Chiapas y Centroam\u00e9rica\u201d, un espacio de an\u00e1lisis y reflexi\u00f3n sobre el papel de las mujeres en la transformaci\u00f3n social.<\/p>\n<p>&nbsp;<\/p>\n<p>\u00abSiguiendo la visi\u00f3n del gobernador Eduardo Ram\u00edrez Aguilar, quien ha destacado que las mujeres son el pilar fundamental para la construcci\u00f3n de un futuro pr\u00f3spero y transformador, reafirmamos nuestro compromiso con la igualdad y el humanismo\u00bb, afirm\u00f3 el titular Eduardo Grajales Gonz\u00e1lez.<\/p>\n<p>&nbsp;<\/p>\n<p>Agreg\u00f3 que, en consonancia con esta filosof\u00eda, el secretario de Educaci\u00f3n, Roger Mandujano Ayala, ha enfatizado la importancia de reconocer y visibilizar el invaluable aporte de las mujeres en nuestra instituci\u00f3n y en todos los \u00e1mbitos de la sociedad.<\/p>\n<p>&nbsp;<\/p>\n<p>Agradeci\u00f3 a la diputada Jovannie Maricela Ibarra Gallardo, por acompa\u00f1arlos en este significativo momento, as\u00ed como la destacada presencia de Franklin Javier \u00c1lvarez, director de Educaci\u00f3n Superior; Tania Ramos P\u00e9rez; y Enoc Garc\u00eda Fern\u00e1ndez, rector de la Universidad Pablo Guardado Ch\u00e1vez.<\/p>\n<p>&nbsp;<\/p>\n<p>De la misma forma, expres\u00f3 su especial agradecimiento a Marisa Ruiz Trejo, ponente de esta conferencia, por compartir su conocimiento y experiencia en este espacio de di\u00e1logo y reflexi\u00f3n.<\/p>\n<p>&nbsp;<\/p>\n<p>\u00abGracias a todas y todos los asistentes por sumarse a esta jornada de aprendizaje y conciencia. En unidad, seguimos construyendo un futuro m\u00e1s justo e igualitario\u00bb, concluy\u00f3 el subsecretario de Planeaci\u00f3n Educativa.<\/p>\n<p>&nbsp;<\/p>\n","protected":false},"excerpt":{"rendered":"<p>&nbsp; Tuxtla Guti\u00e9rrez.- En el marco del D\u00eda Internacional de la Mujer, la Subsecretar\u00eda de&#8230;<\/p>\n","protected":false},"author":2,"featured_media":31454,"comment_status":"closed","ping_status":"closed","sticky":false,"template":"","format":"standard","meta":{"_joinchat":[],"footnotes":""},"categories":[18,1,2,3],"tags":[],"class_list":["post-31453","post","type-post","status-publish","format-standard","has-post-thumbnail","hentry","category-almomento","category-boletin","category-estado","category-health"],"_links":{"self":[{"href":"https:\/\/icoinformativo.mx\/home\/index.php?rest_route=\/wp\/v2\/posts\/31453","targetHints":{"allow":["GET"]}}],"collection":[{"href":"https:\/\/icoinformativo.mx\/home\/index.php?rest_route=\/wp\/v2\/posts"}],"about":[{"href":"https:\/\/icoinformativo.mx\/home\/index.php?rest_route=\/wp\/v2\/types\/post"}],"author":[{"embeddable":true,"href":"https:\/\/icoinformativo.mx\/home\/index.php?rest_route=\/wp\/v2\/users\/2"}],"replies":[{"embeddable":true,"href":"https:\/\/icoinformativo.mx\/home\/index.php?rest_route=%2Fwp%2Fv2%2Fcomments&post=31453"}],"version-history":[{"count":1,"href":"https:\/\/icoinformativo.mx\/home\/index.php?rest_route=\/wp\/v2\/posts\/31453\/revisions"}],"predecessor-version":[{"id":31455,"href":"https:\/\/icoinformativo.mx\/home\/index.php?rest_route=\/wp\/v2\/posts\/31453\/revisions\/31455"}],"wp:featuredmedia":[{"embeddable":true,"href":"https:\/\/icoinformativo.mx\/home\/index.php?rest_route=\/wp\/v2\/media\/31454"}],"wp:attachment":[{"href":"https:\/\/icoinformativo.mx\/home\/index.php?rest_route=%2Fwp%2Fv2%2Fmedia&parent=31453"}],"wp:term":[{"taxonomy":"category","embeddable":true,"href":"https:\/\/icoinformativo.mx\/home\/index.php?rest_route=%2Fwp%2Fv2%2Fcategories&post=31453"},{"taxonomy":"post_tag","embeddable":true,"href":"https:\/\/icoinformativo.mx\/home\/index.php?rest_route=%2Fwp%2Fv2%2Ftags&post=31453"}],"curies":[{"name":"wp","href":"https:\/\/api.w.org\/{rel}","templated":true}]}}