{"id":31447,"date":"2025-03-09T04:18:01","date_gmt":"2025-03-09T04:18:01","guid":{"rendered":"https:\/\/icoinformativo.mx\/home\/?p=31447"},"modified":"2025-03-09T04:18:01","modified_gmt":"2025-03-09T04:18:01","slug":"el-sector-ganadero-pilar-de-unidad-y-desarrollo-en-chiapas-barba-arrocha","status":"publish","type":"post","link":"https:\/\/icoinformativo.mx\/home\/?p=31447","title":{"rendered":"El sector ganadero, pilar de unidad y desarrollo en Chiapas:\u00a0Barba Arrocha"},"content":{"rendered":"<p>&nbsp;<\/p>\n<p>Tapachula, Chiapas.- El titular de la Secretar\u00eda de Agricultura, Ganader\u00eda y Pesca (SAGyP), Marco Antonio Barba Arrocha, sostuvo un encuentro con ganaderos de Chiapas en el marco de la Exposici\u00f3n Ganadera Regional de Tapachula 2025, donde se destac\u00f3 la importancia del sector como motor de desarrollo econ\u00f3mico y social en la entidad.<\/p>\n<p>&nbsp;<\/p>\n<p>El desayuno reuni\u00f3 a l\u00edderes del gremio, entre ellos Alfredo D\u2019Argence Zardain, presidente de Criadores de Razas Puras de Chiapas, y el secretario de Finanzas, Manuel Pariente Gavito, ante quienes Barba Arrocha enfatiz\u00f3 la relevancia de la gen\u00e9tica bovina como una de las fortalezas del estado y resalt\u00f3 la reactivaci\u00f3n del programa de sementales, el cual beneficiar\u00e1 a productores con 400 ejemplares de alto valor, como parte de una estrategia para mejorar la productividad y competitividad del sector.<\/p>\n<p>&nbsp;<\/p>\n<p>El funcionario subray\u00f3 el respaldo del gobernador Eduardo Ram\u00edrez Aguilar a la ganader\u00eda chiapaneca, con medidas como la creaci\u00f3n de la primera central certificada sanitariamente para la exportaci\u00f3n de semen y embriones. Este proyecto en alianza con empresas y universidades de renombre, posicionar\u00e1 a Chiapas como un referente en mejoramiento gen\u00e9tico a nivel nacional e internacional.<\/p>\n<p>&nbsp;<\/p>\n<p>El gobernador Eduardo Ram\u00edrez Aguilar particip\u00f3 en la v\u00edspera en inauguraci\u00f3n de la entrega de sementales en la Exposici\u00f3n Ganadera, reafirmando el compromiso estatal con el fortalecimiento del sector pecuario. En esta edici\u00f3n del evento que se celebra del 7 al 14 de marzo se entregar\u00e1n 80 bovinos de alto valor gen\u00e9tico a ganaderos de la regi\u00f3n Istmo-Costa, adem\u00e1s de 50 sementales ovinos con respaldo del 50 por ciento por parte del gobierno.<\/p>\n<p>&nbsp;<\/p>\n<p>Efra\u00edn Ornelas, presidente del Comit\u00e9 de Protecci\u00f3n Pecuaria, destac\u00f3 la importancia de la sanidad animal y el trabajo conjunto con el gobierno estatal para alcanzar un estatus sanitario que permita la comercializaci\u00f3n del ganado chiapaneco en mercados nacionales e internacionales.<\/p>\n<p>&nbsp;<\/p>\n<p>Finalmente, Alfredo D\u2019Argence Zardain resalt\u00f3 la necesidad de aprovechar el momento favorable que vive el sector, cerrando filas para consolidar a Chiapas como un polo estrat\u00e9gico de la ganader\u00eda en el pa\u00eds.<\/p>\n<p>&nbsp;<\/p>\n<p>Tambi\u00e9n se plante\u00f3 la propuesta de realizar una muestra internacional de razas en Tapachula el pr\u00f3ximo a\u00f1o, con el objetivo de fortalecer los v\u00ednculos comerciales con Centroam\u00e9rica y expandir el impacto del evento.<\/p>\n<p>&nbsp;<\/p>\n","protected":false},"excerpt":{"rendered":"<p>&nbsp; Tapachula, Chiapas.- El titular de la Secretar\u00eda de Agricultura, Ganader\u00eda y Pesca (SAGyP), Marco&#8230;<\/p>\n","protected":false},"author":2,"featured_media":31448,"comment_status":"closed","ping_status":"closed","sticky":false,"template":"","format":"standard","meta":{"_joinchat":[],"footnotes":""},"categories":[18,1,2,3],"tags":[],"class_list":["post-31447","post","type-post","status-publish","format-standard","has-post-thumbnail","hentry","category-almomento","category-boletin","category-estado","category-health"],"_links":{"self":[{"href":"https:\/\/icoinformativo.mx\/home\/index.php?rest_route=\/wp\/v2\/posts\/31447","targetHints":{"allow":["GET"]}}],"collection":[{"href":"https:\/\/icoinformativo.mx\/home\/index.php?rest_route=\/wp\/v2\/posts"}],"about":[{"href":"https:\/\/icoinformativo.mx\/home\/index.php?rest_route=\/wp\/v2\/types\/post"}],"author":[{"embeddable":true,"href":"https:\/\/icoinformativo.mx\/home\/index.php?rest_route=\/wp\/v2\/users\/2"}],"replies":[{"embeddable":true,"href":"https:\/\/icoinformativo.mx\/home\/index.php?rest_route=%2Fwp%2Fv2%2Fcomments&post=31447"}],"version-history":[{"count":1,"href":"https:\/\/icoinformativo.mx\/home\/index.php?rest_route=\/wp\/v2\/posts\/31447\/revisions"}],"predecessor-version":[{"id":31449,"href":"https:\/\/icoinformativo.mx\/home\/index.php?rest_route=\/wp\/v2\/posts\/31447\/revisions\/31449"}],"wp:featuredmedia":[{"embeddable":true,"href":"https:\/\/icoinformativo.mx\/home\/index.php?rest_route=\/wp\/v2\/media\/31448"}],"wp:attachment":[{"href":"https:\/\/icoinformativo.mx\/home\/index.php?rest_route=%2Fwp%2Fv2%2Fmedia&parent=31447"}],"wp:term":[{"taxonomy":"category","embeddable":true,"href":"https:\/\/icoinformativo.mx\/home\/index.php?rest_route=%2Fwp%2Fv2%2Fcategories&post=31447"},{"taxonomy":"post_tag","embeddable":true,"href":"https:\/\/icoinformativo.mx\/home\/index.php?rest_route=%2Fwp%2Fv2%2Ftags&post=31447"}],"curies":[{"name":"wp","href":"https:\/\/api.w.org\/{rel}","templated":true}]}}