{"id":31444,"date":"2025-03-09T04:15:12","date_gmt":"2025-03-09T04:15:12","guid":{"rendered":"https:\/\/icoinformativo.mx\/home\/?p=31444"},"modified":"2025-03-09T04:15:12","modified_gmt":"2025-03-09T04:15:12","slug":"coneculta-presente-en-la-reapertura-de-espacios-y-actividades-de-la-ensenanza-casa-de-la-ciudad","status":"publish","type":"post","link":"https:\/\/icoinformativo.mx\/home\/?p=31444","title":{"rendered":"Coneculta, presente en la reapertura de espacios y actividades de La Ense\u00f1anza, Casa de la Ciudad"},"content":{"rendered":"<p>\u00b7 Ha sido un punto de encuentro para artistas, agentes culturales y p\u00fablico local, nacional e internacional<\/p>\n<p>&nbsp;<\/p>\n<p>San Crist\u00f3bal de Las Casas, Chiapas. \u2013 En representaci\u00f3n del gobernador del estado, Eduardo Ram\u00edrez Aguilar, la directora general del Consejo Estatal para las Culturas y las Artes de Chiapas (Coneculta), Ang\u00e9lica Altuzar Constantino, particip\u00f3 en la reapertura de espacios y actividades de La Ense\u00f1anza, Casa de la Ciudad, en San Crist\u00f3bal de Las Casas.<\/p>\n<p>Este edificio que ha sido un referente para la comunidad art\u00edstica y cultural de la regi\u00f3n, construido en 1898 y anteriormente propiedad de la familia Flores Morales, en 2006 fue adquirido por la Asociaci\u00f3n Cultural Na Bolom A.C. y desde su apertura en 2013, ha sido un punto de encuentro para artistas, agentes culturales y p\u00fablico local, nacional e internacional.<\/p>\n<p>Patricia Armend\u00e1riz, presidenta del Consejo de la Asociaci\u00f3n Cultural Na Bolom A.C., destac\u00f3 la importancia de La Ense\u00f1anza como un espacio clave en la oferta cultural de la ciudad.<\/p>\n<p>Destac\u00f3 que la reapertura de este centro permite continuar con su misi\u00f3n de promover el arte y la cultura en la regi\u00f3n, mediante una amplia gama de actividades que incluyen exposiciones temporales, talleres, conciertos, obras de teatro y conferencias, las cuales enriquecen la experiencia de todos los visitantes.<\/p>\n<p>\u201cLa cultura en Chiapas debe ser concebida de manera sostenible. Necesitamos reflexionar sobre c\u00f3mo podemos fortalecer este basti\u00f3n cultural y garantizar su difusi\u00f3n. Es fundamental preservar la parte cient\u00edfica, apoyar centros de investigaci\u00f3n como Na Bolom y al mismo tiempo, mantener vivos los talleres de artes y oficios que han sido esenciales para la formaci\u00f3n de artistas y creadores\u201d, se\u00f1al\u00f3.<\/p>\n<p>Por su parte, Ang\u00e9lica Altuzar Constantino, directora general del Coneculta, celebr\u00f3 la reapertura de espacios como La Ense\u00f1anza, que contribuyen al crecimiento art\u00edstico y cultural de Chiapas.<\/p>\n<p>\u201cCada vez que se abre o se reabre un espacio como este, se ampl\u00eda el horizonte cultural de nuestro estado. Para Coneculta esta reapertura representa una valiosa oportunidad para establecer nuevas alianzas y puentes de comunicaci\u00f3n que beneficien a nuestros artistas, artesanos y creadores. Me llena de alegr\u00eda saber que, gracias al esfuerzo de las hermanas Armend\u00e1riz Guerra, no solo se ha recuperado este espacio, sino que tambi\u00e9n se ha puesto el coraz\u00f3n, la pasi\u00f3n y la energ\u00eda que los caracteriza\u201d, afirm\u00f3.<\/p>\n<p>2 \/ 2<\/p>\n<p>La directora de Coneculta reafirm\u00f3 su compromiso de seguir apoyando la gesti\u00f3n de actividades que permitan preservar y fortalecer el legado cultural, as\u00ed como mantener vivos los valores hist\u00f3ricos del espacio.<\/p>\n<p>\u201cFelicito al pueblo de San Crist\u00f3bal por recuperar este lugar tan significativo, que sigue siendo un punto de encuentro para la comunidad cultural y un espacio abierto para todos. La Ense\u00f1anza es la casa de todos los sancristobalenses, y su reapertura marca una Nueva Era llena de posibilidades para la cultura en Chiapas\u201d, puntualiz\u00f3.<\/p>\n<p>&nbsp;<\/p>\n","protected":false},"excerpt":{"rendered":"<p>\u00b7 Ha sido un punto de encuentro para artistas, agentes culturales y p\u00fablico local, nacional&#8230;<\/p>\n","protected":false},"author":2,"featured_media":31445,"comment_status":"closed","ping_status":"closed","sticky":false,"template":"","format":"standard","meta":{"_joinchat":[],"footnotes":""},"categories":[18,1,2,3],"tags":[],"class_list":["post-31444","post","type-post","status-publish","format-standard","has-post-thumbnail","hentry","category-almomento","category-boletin","category-estado","category-health"],"_links":{"self":[{"href":"https:\/\/icoinformativo.mx\/home\/index.php?rest_route=\/wp\/v2\/posts\/31444","targetHints":{"allow":["GET"]}}],"collection":[{"href":"https:\/\/icoinformativo.mx\/home\/index.php?rest_route=\/wp\/v2\/posts"}],"about":[{"href":"https:\/\/icoinformativo.mx\/home\/index.php?rest_route=\/wp\/v2\/types\/post"}],"author":[{"embeddable":true,"href":"https:\/\/icoinformativo.mx\/home\/index.php?rest_route=\/wp\/v2\/users\/2"}],"replies":[{"embeddable":true,"href":"https:\/\/icoinformativo.mx\/home\/index.php?rest_route=%2Fwp%2Fv2%2Fcomments&post=31444"}],"version-history":[{"count":1,"href":"https:\/\/icoinformativo.mx\/home\/index.php?rest_route=\/wp\/v2\/posts\/31444\/revisions"}],"predecessor-version":[{"id":31446,"href":"https:\/\/icoinformativo.mx\/home\/index.php?rest_route=\/wp\/v2\/posts\/31444\/revisions\/31446"}],"wp:featuredmedia":[{"embeddable":true,"href":"https:\/\/icoinformativo.mx\/home\/index.php?rest_route=\/wp\/v2\/media\/31445"}],"wp:attachment":[{"href":"https:\/\/icoinformativo.mx\/home\/index.php?rest_route=%2Fwp%2Fv2%2Fmedia&parent=31444"}],"wp:term":[{"taxonomy":"category","embeddable":true,"href":"https:\/\/icoinformativo.mx\/home\/index.php?rest_route=%2Fwp%2Fv2%2Fcategories&post=31444"},{"taxonomy":"post_tag","embeddable":true,"href":"https:\/\/icoinformativo.mx\/home\/index.php?rest_route=%2Fwp%2Fv2%2Ftags&post=31444"}],"curies":[{"name":"wp","href":"https:\/\/api.w.org\/{rel}","templated":true}]}}