{"id":31441,"date":"2025-03-09T04:12:47","date_gmt":"2025-03-09T04:12:47","guid":{"rendered":"https:\/\/icoinformativo.mx\/home\/?p=31441"},"modified":"2025-03-09T04:12:47","modified_gmt":"2025-03-09T04:12:47","slug":"eduardo-ramirez-inaugura-la-expo-feria-mujer-transformadora-y-reconoce-la-lucha-historica-de-las-mujeres-por-sus-derechos","status":"publish","type":"post","link":"https:\/\/icoinformativo.mx\/home\/?p=31441","title":{"rendered":"Eduardo Ram\u00edrez inaugura la Expo Feria \u201cMujer Transformadora\u201d; y reconoce la lucha hist\u00f3rica de las mujeres por sus derechos"},"content":{"rendered":"<p>El gobernador Eduardo Ram\u00edrez Aguilar inaugur\u00f3 la Expo Feria \u201cMujer Transformadora\u201d, en Tuxtla Guti\u00e9rrez, en el marco del D\u00eda Internacional de la Mujer, donde resalt\u00f3 la relevancia de esta conmemoraci\u00f3n y reconoci\u00f3 a las mujeres que, a lo largo de la historia, han luchado desde distintos \u00e1mbitos para conquistar la libertad y el ejercicio pleno de sus derechos, muchas veces a costa de su propia vida.<\/p>\n<p>&nbsp;<\/p>\n<p>&nbsp;<\/p>\n<p>&nbsp;<\/p>\n<p>Acompa\u00f1ado de la se\u00f1ora Sof\u00eda Espinoza Abarca, el mandatario exhort\u00f3 a las mujeres a denunciar cualquier acto de violencia y a no guardar silencio, ya que este problema suele escalar si no se atiende a tiempo. Asimismo, reafirm\u00f3 el compromiso de su gobierno para garantizar que ninguna sea v\u00edctima de agresiones, pues \u201cmientras haya ni\u00f1as vendidas y mujeres violentadas, y no haya castigo, el gobierno habr\u00e1 fracasado\u201d, afirm\u00f3.<\/p>\n<p>&nbsp;<\/p>\n<p>&nbsp;<\/p>\n<p>&nbsp;<\/p>\n<p>Ram\u00edrez Aguilar asegur\u00f3 que ha instruido a todo su gabinete legal y ampliado a fortalecer las acciones para prevenir y atender la violencia de g\u00e9nero. Subray\u00f3 que, tras lograr avances significativos en la pacificaci\u00f3n del estado, a partir del 17 de marzo, cuando se cumplen los primeros 100 d\u00edas de su gobierno, se redoblar\u00e1n los esfuerzos en esta materia.<\/p>\n<p>&nbsp;<\/p>\n<p>&nbsp;<\/p>\n<p>&nbsp;<\/p>\n<p>La secretaria de la Mujer e Igualdad de G\u00e9nero, Dulce Mar\u00eda Rodr\u00edguez Ovando, destac\u00f3 los desaf\u00edos que a\u00fan persisten y las estrategias implementadas para combatir la desigualdad y la violencia contra las mujeres. Al mismo tiempo, expres\u00f3 su reconocimiento a todas aquellas que, desde distintos espacios, lideran iniciativas y trabajan diariamente para desmontar las estructuras de inequidad.<\/p>\n<p>&nbsp;<\/p>\n<p>&nbsp;<\/p>\n<p>&nbsp;<\/p>\n<p>Rodr\u00edguez Ovando enfatiz\u00f3 el respaldo del gobernador Eduardo Ram\u00edrez, a quien calific\u00f3 como un gran aliado en la protecci\u00f3n y bienestar de mujeres y ni\u00f1as. \u201cNuestro compromiso debe ser permanente, no solo alrededor de una fecha. Hoy tenemos que aprovechar que orgullosamente nos representa una mujer en la Presidencia de la Rep\u00fablica, y tenemos muchas m\u00e1s dando pauta y promoviendo una representaci\u00f3n equitativa, desde el hogar hasta en los espacios laborales\u201d, se\u00f1al\u00f3.<\/p>\n<p>&nbsp;<\/p>\n<p>&nbsp;<\/p>\n<p>&nbsp;<\/p>\n<p>Finalmente, Cecilia V\u00e1zquez Monterrosa, integrante del programa Mujer Transformadora, reconoci\u00f3 al gobierno de Eduardo Ram\u00edrez por generar espacios que visibilizan el talento de las emprendedoras. Asever\u00f3 que esta iniciativa no solo impulsa la difusi\u00f3n de sus proyectos innovadores, sino que tambi\u00e9n fomenta su participaci\u00f3n activa en la sociedad. \u201cCon tenacidad, valent\u00eda e inteligencia, las mujeres chiapanecas somos un pilar fundamental en la construcci\u00f3n de un mejor futuro\u201d, concluy\u00f3.<\/p>\n<p>&nbsp;<\/p>\n<p>&nbsp;<\/p>\n<p>&nbsp;<\/p>\n<p>Estuvieron presentes: las secretarias general de Gobierno y Mediaci\u00f3n, Patricia del Carmen Conde Ruiz; Anticorrupci\u00f3n y Buen Gobierno, Ana Laura Romero Basurto; de Infraestructura, Anakaren G\u00f3mez Zuart; de Medio Ambiente e Historia Natural, Obdulia Magdalena Torres Abarca; de Turismo, Mar\u00eda Eugenia Culebro P\u00e9rez; y de Movilidad y Transporte, Albania Gonz\u00e1lez P\u00f3lito; y la fiscal de la Mujer del Estado, Eleanneth Jocabet Garc\u00eda de los Santos.<\/p>\n<p>&nbsp;<\/p>\n<p>&nbsp;<\/p>\n<p>&nbsp;<\/p>\n<p>Asimismo, las diputadas locales: Luz Mar\u00eda Castillo Moreno, presidenta de la Comisi\u00f3n de Atenci\u00f3n a Grupos de Situaci\u00f3n de Vulnerabilidad e Inclusi\u00f3n; Getseman\u00ed Moreno Mart\u00ednez, Flor de Mar\u00eda Guirao Aguilar y Marcela Castillo Atristain; y la diputada federal Karina Trujillo Trujillo; las titulares del DIF Chiapas, Ana Isabel Granda Gonz\u00e1lez; del Centro Estatal de Prevenci\u00f3n Social, Yolanda Alfaro P\u00e9rez; del Consejo Estatal para la Cultura y las Artes, Ang\u00e9lica Altuzar Constantino; del Instituto Estatal del Agua, Karina Montesinos C\u00e1rdenas; del Centro Estatal de Trasplantes del Estado, Krystell D\u00e1valos Barrientos; y de la Comisi\u00f3n Ejecutiva Estatal de Atenci\u00f3n a V\u00edctimas, Lesdy Cecilia Calvo Chac\u00f3n.<\/p>\n<p>&nbsp;<\/p>\n<p>&nbsp;<\/p>\n<p>&nbsp;<\/p>\n<p>Igualmente, la secretaria privada del Ejecutivo, Patricia Carrillo S\u00e1nchez; la oficial mayor del Estado de Chiapas, Viridiana Figueroa Garc\u00eda; las rectoras de la Universidad de Ciencias y Artes de Chiapas, Fanny L\u00f3pez Jim\u00e9nez, y de Universidad Polit\u00e9cnica de Chiapas, Indra Ruth Toledo Couti\u00f1o; la secretaria para la Inclusi\u00f3n y la Diversidad de la Universidad Aut\u00f3noma de Chiapas, Jazm\u00edn Gonz\u00e1lez Gonz\u00e1lez; la directora de Vinculaci\u00f3n de la Secretar\u00eda de Econom\u00eda y del Trabajo, Celeste Ochoa L\u00f3pez; y, por parte del Voluntariado por la Salud, Leyla Balderas Hern\u00e1ndez, entre otras.<\/p>\n","protected":false},"excerpt":{"rendered":"<p>El gobernador Eduardo Ram\u00edrez Aguilar inaugur\u00f3 la Expo Feria \u201cMujer Transformadora\u201d, en Tuxtla Guti\u00e9rrez, en&#8230;<\/p>\n","protected":false},"author":2,"featured_media":31442,"comment_status":"closed","ping_status":"closed","sticky":false,"template":"","format":"standard","meta":{"_joinchat":[],"footnotes":""},"categories":[18,1,2,3],"tags":[],"class_list":["post-31441","post","type-post","status-publish","format-standard","has-post-thumbnail","hentry","category-almomento","category-boletin","category-estado","category-health"],"_links":{"self":[{"href":"https:\/\/icoinformativo.mx\/home\/index.php?rest_route=\/wp\/v2\/posts\/31441","targetHints":{"allow":["GET"]}}],"collection":[{"href":"https:\/\/icoinformativo.mx\/home\/index.php?rest_route=\/wp\/v2\/posts"}],"about":[{"href":"https:\/\/icoinformativo.mx\/home\/index.php?rest_route=\/wp\/v2\/types\/post"}],"author":[{"embeddable":true,"href":"https:\/\/icoinformativo.mx\/home\/index.php?rest_route=\/wp\/v2\/users\/2"}],"replies":[{"embeddable":true,"href":"https:\/\/icoinformativo.mx\/home\/index.php?rest_route=%2Fwp%2Fv2%2Fcomments&post=31441"}],"version-history":[{"count":1,"href":"https:\/\/icoinformativo.mx\/home\/index.php?rest_route=\/wp\/v2\/posts\/31441\/revisions"}],"predecessor-version":[{"id":31443,"href":"https:\/\/icoinformativo.mx\/home\/index.php?rest_route=\/wp\/v2\/posts\/31441\/revisions\/31443"}],"wp:featuredmedia":[{"embeddable":true,"href":"https:\/\/icoinformativo.mx\/home\/index.php?rest_route=\/wp\/v2\/media\/31442"}],"wp:attachment":[{"href":"https:\/\/icoinformativo.mx\/home\/index.php?rest_route=%2Fwp%2Fv2%2Fmedia&parent=31441"}],"wp:term":[{"taxonomy":"category","embeddable":true,"href":"https:\/\/icoinformativo.mx\/home\/index.php?rest_route=%2Fwp%2Fv2%2Fcategories&post=31441"},{"taxonomy":"post_tag","embeddable":true,"href":"https:\/\/icoinformativo.mx\/home\/index.php?rest_route=%2Fwp%2Fv2%2Ftags&post=31441"}],"curies":[{"name":"wp","href":"https:\/\/api.w.org\/{rel}","templated":true}]}}