{"id":31428,"date":"2025-03-08T04:18:32","date_gmt":"2025-03-08T04:18:32","guid":{"rendered":"https:\/\/icoinformativo.mx\/home\/?p=31428"},"modified":"2025-03-08T04:18:32","modified_gmt":"2025-03-08T04:18:32","slug":"sectur-chiapas-realiza-ciclo-de-conferencias-fomento-al-desarrollo-economico-de-las-mexicanas","status":"publish","type":"post","link":"https:\/\/icoinformativo.mx\/home\/?p=31428","title":{"rendered":"Sectur Chiapas realiza ciclo de conferencias \u201cFomento al Desarrollo Econ\u00f3mico de las Mexicanas\u201d"},"content":{"rendered":"<p>&nbsp;<\/p>\n<p>\u00b7 El objetivo es visibilizar el impacto positivo de las mujeres en el desarrollo econ\u00f3mico y social de Chiapas<\/p>\n<p>&nbsp;<\/p>\n<p>Como parte de la conmemoraci\u00f3n del D\u00eda Internacional de la Mujer, la Secretar\u00eda de Turismo llev\u00f3 a cabo el ciclo de conferencias \u201cFomento al Desarrollo Econ\u00f3mico de las Mexicanas\u201d, un espacio de di\u00e1logo y reflexi\u00f3n sobre el papel fundamental de las mujeres en el crecimiento de sus comunidades y en la construcci\u00f3n de un futuro m\u00e1s equitativo.<\/p>\n<p>&nbsp;<\/p>\n<p>El evento cont\u00f3 con la presencia de la secretaria de Turismo, Mar\u00eda Eugenia Culebro P\u00e9rez, y la subsecretaria de Promoci\u00f3n Tur\u00edstica, Zita Morales Cervantes, quienes resaltaron la importancia de fortalecer el emprendimiento y la participaci\u00f3n activa de las mujeres en diferentes sectores.<\/p>\n<p>&nbsp;<\/p>\n<p>Asimismo, participaron destacadas ponentes que compartieron su experiencia y conocimientos: Mar\u00eda L\u00f3pez L\u00f3pez, fundadora de Olinca Textiles y Artesan\u00edas; Cristina G\u00f3mez L\u00f3pez, reconocida con el Premio 2025 a la Mejor Mix\u00f3loga por la Asociaci\u00f3n Culinaria Mexicana; Mar\u00eda de Lourdes P\u00e9rez Enr\u00edquez, promotora cultural y Olinca Villanueva Hern\u00e1ndez, investigadora sobre temas antropol\u00f3gicos sociales y g\u00e9nero.<\/p>\n<p>&nbsp;<\/p>\n<p>Este encuentro permiti\u00f3 visibilizar el esfuerzo y la determinaci\u00f3n de mujeres ind\u00edgenas que han transformado desaf\u00edos en oportunidades. Su ejemplo es un recordatorio del poder de la resiliencia y del impacto positivo que generan en su entorno.<\/p>\n<p>&nbsp;<\/p>\n","protected":false},"excerpt":{"rendered":"<p>&nbsp; \u00b7 El objetivo es visibilizar el impacto positivo de las mujeres en el desarrollo&#8230;<\/p>\n","protected":false},"author":2,"featured_media":31429,"comment_status":"closed","ping_status":"closed","sticky":false,"template":"","format":"standard","meta":{"_joinchat":[],"footnotes":""},"categories":[18,1,2,3],"tags":[],"class_list":["post-31428","post","type-post","status-publish","format-standard","has-post-thumbnail","hentry","category-almomento","category-boletin","category-estado","category-health"],"_links":{"self":[{"href":"https:\/\/icoinformativo.mx\/home\/index.php?rest_route=\/wp\/v2\/posts\/31428","targetHints":{"allow":["GET"]}}],"collection":[{"href":"https:\/\/icoinformativo.mx\/home\/index.php?rest_route=\/wp\/v2\/posts"}],"about":[{"href":"https:\/\/icoinformativo.mx\/home\/index.php?rest_route=\/wp\/v2\/types\/post"}],"author":[{"embeddable":true,"href":"https:\/\/icoinformativo.mx\/home\/index.php?rest_route=\/wp\/v2\/users\/2"}],"replies":[{"embeddable":true,"href":"https:\/\/icoinformativo.mx\/home\/index.php?rest_route=%2Fwp%2Fv2%2Fcomments&post=31428"}],"version-history":[{"count":1,"href":"https:\/\/icoinformativo.mx\/home\/index.php?rest_route=\/wp\/v2\/posts\/31428\/revisions"}],"predecessor-version":[{"id":31430,"href":"https:\/\/icoinformativo.mx\/home\/index.php?rest_route=\/wp\/v2\/posts\/31428\/revisions\/31430"}],"wp:featuredmedia":[{"embeddable":true,"href":"https:\/\/icoinformativo.mx\/home\/index.php?rest_route=\/wp\/v2\/media\/31429"}],"wp:attachment":[{"href":"https:\/\/icoinformativo.mx\/home\/index.php?rest_route=%2Fwp%2Fv2%2Fmedia&parent=31428"}],"wp:term":[{"taxonomy":"category","embeddable":true,"href":"https:\/\/icoinformativo.mx\/home\/index.php?rest_route=%2Fwp%2Fv2%2Fcategories&post=31428"},{"taxonomy":"post_tag","embeddable":true,"href":"https:\/\/icoinformativo.mx\/home\/index.php?rest_route=%2Fwp%2Fv2%2Ftags&post=31428"}],"curies":[{"name":"wp","href":"https:\/\/api.w.org\/{rel}","templated":true}]}}