{"id":31421,"date":"2025-03-08T04:08:54","date_gmt":"2025-03-08T04:08:54","guid":{"rendered":"https:\/\/icoinformativo.mx\/home\/?p=31421"},"modified":"2025-03-08T04:08:54","modified_gmt":"2025-03-08T04:08:54","slug":"dif-y-ss-realizan-con-exito-campana-de-donacion-humanista-de-sangre","status":"publish","type":"post","link":"https:\/\/icoinformativo.mx\/home\/?p=31421","title":{"rendered":"DIF y SS realizan con \u00e9xito Campa\u00f1a de Donaci\u00f3n Humanista de Sangre"},"content":{"rendered":"<p>&nbsp;<\/p>\n<p>\u00b7 Participaron 280 personas de diferentes dependencias p\u00fablicas del estado<\/p>\n<p>\u00b7 Secretario de Salud convoca a una Cruzada de Donaci\u00f3n Voluntaria y Altruista en los 124 municipios.<\/p>\n<p>Tuxtla Guti\u00e9rrez, Chiapas; 07 de marzo de 2025.- El Sistema DIF Chiapas y la Secretar\u00eda de Salud del estado llevaron a cabo la Campa\u00f1a Donaci\u00f3n Humanista de Sangre, para promover esta acci\u00f3n de forma voluntaria y altruista, la cual tuvo una gran respuesta al contar con la participaci\u00f3n de 280 personas trabajadoras de diferentes dependencias p\u00fablicas del estado.<\/p>\n<p>&nbsp;<\/p>\n<p>En representaci\u00f3n del gobernador Eduardo Ram\u00edrez Aguilar, el secretario de Salud, Omar G\u00f3mez Cruz, convoc\u00f3 a emprender una Cruzada de Donaci\u00f3n Voluntaria y Altruista de Sangre en los 124 municipios, para que Chiapas sea el estado con mayor captaci\u00f3n a nivel nacional.<\/p>\n<p>&nbsp;<\/p>\n<p>En ese sentido, G\u00f3mez Cruz destac\u00f3 que en menos de 100 d\u00edas de gobierno se ha alcanzado el 12 por ciento de donaci\u00f3n voluntaria con la colaboraci\u00f3n de cerca 7 mil donantes en los centros de colecta de la entidad, as\u00ed como en el Banco de Sangre \u00abDr. Domingo Chanona Rodr\u00edguez\u00bb de la ciudad de Tuxtla Guti\u00e9rrez. \u201cEsto es abrir la conciencia, ser solidarios con otros, donar sangre es un acto de amor que salva vidas, mencion\u00f3.<\/p>\n<p>&nbsp;<\/p>\n<p>La directora general del Sistema DIF Chiapas, Ana Isabel Granda Gonz\u00e1lez, manifest\u00f3 que con esta campa\u00f1a refuerzan el compromiso de convertirse en promotores de la donaci\u00f3n altruista como parte de una nueva etapa de trabajo social humanista, por lo que dos veces al a\u00f1o realizar\u00e1n esta actividad de reclutar a donantes invitando a sumarse a esta labor a los organismos p\u00fablicos del estado.<\/p>\n<p>&nbsp;<\/p>\n<p>En su intervenci\u00f3n, el jefe del Centro Estatal de la Transfusi\u00f3n Sangu\u00ednea y Banco de Sangre \u201cDr. Domingo Chanona Rodr\u00edguez\u201d, Jaime Rafael Laparra Laparra, se\u00f1al\u00f3 que la sangre es un recurso esencial para la vida que no se puede fabricar ni sustituir y s\u00f3lo se puede obtener a trav\u00e9s de la donaci\u00f3n.<\/p>\n<p>&nbsp;<\/p>\n<p>Por lo anterior, agradeci\u00f3 la participaci\u00f3n de los 280 trabajadoras y trabajadores del DIF, Protecci\u00f3n Civil, Hospital de Especialidades Pedi\u00e1tricas y Heroico Cuerpo de Bomberos, porque con su donaci\u00f3n se convierten en h\u00e9roes an\u00f3nimos al salvar la vida de hasta tres personas, pudiendo ser ni\u00f1os con leucemia, mujeres con complicaciones durante el parto, personas que se accidentan o tienen enfermedades cr\u00f3nicas degenerativas.<\/p>\n<p>&nbsp;<\/p>\n<p>Finalmente, la donadora altruista, Luz del Alba Tovilla Maza, dio testimonio de su camino por esta noble causa, recordando que hace seis a\u00f1os don\u00f3 sangre porque un familiar lo requer\u00eda para una cirug\u00eda. De las dos unidades de sangre que present\u00f3, qued\u00f3 una disponible y acept\u00f3 que esta fuera utilizada para alguien m\u00e1s. Desde esa fecha forma parte de una red de donadores voluntarios.<\/p>\n<p>&nbsp;<\/p>\n<p>Estuvieron presentes en este evento, la diputada Getseman\u00ed Moreno Mart\u00ednez, presidenta de la Comisi\u00f3n de Participaci\u00f3n Ciudadana y Popular; el coordinador del Hospital de Especialidades Pedi\u00e1tricas, Rafael Heberto Guill\u00e9n Villatoro; la directora general del Centro Estatal de Trasplantes, Krystell D\u00e1valos Barrientos; y el subsecretario de Medio Ambiente y Cambio Clim\u00e1tico, Jes\u00fas Antonio Guill\u00e9n Gordillo.<\/p>\n<p>&nbsp;<\/p>\n","protected":false},"excerpt":{"rendered":"<p>&nbsp; \u00b7 Participaron 280 personas de diferentes dependencias p\u00fablicas del estado \u00b7 Secretario de Salud&#8230;<\/p>\n","protected":false},"author":2,"featured_media":31422,"comment_status":"closed","ping_status":"closed","sticky":false,"template":"","format":"standard","meta":{"_joinchat":[],"footnotes":""},"categories":[18,1,2,3],"tags":[],"class_list":["post-31421","post","type-post","status-publish","format-standard","has-post-thumbnail","hentry","category-almomento","category-boletin","category-estado","category-health"],"_links":{"self":[{"href":"https:\/\/icoinformativo.mx\/home\/index.php?rest_route=\/wp\/v2\/posts\/31421","targetHints":{"allow":["GET"]}}],"collection":[{"href":"https:\/\/icoinformativo.mx\/home\/index.php?rest_route=\/wp\/v2\/posts"}],"about":[{"href":"https:\/\/icoinformativo.mx\/home\/index.php?rest_route=\/wp\/v2\/types\/post"}],"author":[{"embeddable":true,"href":"https:\/\/icoinformativo.mx\/home\/index.php?rest_route=\/wp\/v2\/users\/2"}],"replies":[{"embeddable":true,"href":"https:\/\/icoinformativo.mx\/home\/index.php?rest_route=%2Fwp%2Fv2%2Fcomments&post=31421"}],"version-history":[{"count":1,"href":"https:\/\/icoinformativo.mx\/home\/index.php?rest_route=\/wp\/v2\/posts\/31421\/revisions"}],"predecessor-version":[{"id":31423,"href":"https:\/\/icoinformativo.mx\/home\/index.php?rest_route=\/wp\/v2\/posts\/31421\/revisions\/31423"}],"wp:featuredmedia":[{"embeddable":true,"href":"https:\/\/icoinformativo.mx\/home\/index.php?rest_route=\/wp\/v2\/media\/31422"}],"wp:attachment":[{"href":"https:\/\/icoinformativo.mx\/home\/index.php?rest_route=%2Fwp%2Fv2%2Fmedia&parent=31421"}],"wp:term":[{"taxonomy":"category","embeddable":true,"href":"https:\/\/icoinformativo.mx\/home\/index.php?rest_route=%2Fwp%2Fv2%2Fcategories&post=31421"},{"taxonomy":"post_tag","embeddable":true,"href":"https:\/\/icoinformativo.mx\/home\/index.php?rest_route=%2Fwp%2Fv2%2Ftags&post=31421"}],"curies":[{"name":"wp","href":"https:\/\/api.w.org\/{rel}","templated":true}]}}