{"id":31418,"date":"2025-03-08T04:04:57","date_gmt":"2025-03-08T04:04:57","guid":{"rendered":"https:\/\/icoinformativo.mx\/home\/?p=31418"},"modified":"2025-03-08T04:04:57","modified_gmt":"2025-03-08T04:04:57","slug":"se-esperan-cuatro-dias-de-altas-temperaturas-para-chiapas","status":"publish","type":"post","link":"https:\/\/icoinformativo.mx\/home\/?p=31418","title":{"rendered":"Se esperan cuatro d\u00edas de altas temperaturas para Chiapas\u00a0"},"content":{"rendered":"<p>&nbsp;<\/p>\n<p>\u00b7 Emite Protecci\u00f3n Civil recomendaciones de autoprotecci\u00f3n y prevenci\u00f3n ante la presencia de ondas de calor, del 07 al 10 de marzo<\/p>\n<p>&nbsp;<\/p>\n<p>&nbsp;<\/p>\n<p>Tuxtla Guti\u00e9rrez; 07 de marzo de 2025.- La Secretar\u00eda de Protecci\u00f3n Civil del estado emiti\u00f3 diversas recomendaciones de autoprotecci\u00f3n y prevenci\u00f3n para la poblaci\u00f3n en general, derivado del pron\u00f3stico de la Comisi\u00f3n Nacional del Agua (Conagua), a trav\u00e9s del Servicio Meteorol\u00f3gico Nacional (SMN), sobre la presencia de ondas de calor en la entidad, del 07 al 10 de marzo.<\/p>\n<p>&nbsp;<\/p>\n<p>Indic\u00f3 que se esperan temperaturas entre 35 a 40 \u00b0C, destacando que las altas temperaturas podr\u00edan ocasionar insolaci\u00f3n, desmayos, golpes de calor, deshidrataci\u00f3n, enfermedades diarreicas agudas y en la piel.<\/p>\n<p>&nbsp;<\/p>\n<p>En este tenor, se exhorta a evitar actividades al aire libre entre las 11:00 y las 15:00 horas, as\u00ed como programarlas en las horas m\u00e1s frescas del d\u00eda; asimismo, se recomienda reducir el tiempo de exposici\u00f3n al sol durante horas centrales del d\u00eda y mantenerse en lugares frescos.<\/p>\n<p>&nbsp;<\/p>\n<p>En caso de salir a la calle, no deben dejar esperando en el veh\u00edculo a ni\u00f1os o mascotas, aunque sea por poco tiempo; no dejar bidones con combustible o con residuos, ni productos cosm\u00e9ticos como acetona o pinturas que puedan generar un efecto qu\u00edmico; no dejar lentes de aumento o cristales sobre el tablero, ya que estos podr\u00edan producir un efecto lupa.<\/p>\n<p>&nbsp;<\/p>\n<p>El calor puede exacerbar debido a la sensaci\u00f3n t\u00e9rmica, es decir, la temperatura percibida que siente una persona seg\u00fan la combinaci\u00f3n de par\u00e1metros meteorol\u00f3gicos.<\/p>\n<p>&nbsp;<\/p>\n<p>El calor favorece el crecimiento de microorganismos, en especial, las bacterias, mismas que aceleran la descomposici\u00f3n de los alimentos, lo que aumenta la probabilidad de contraer enfermedades gastrointestinales.<\/p>\n<p>&nbsp;<\/p>\n<p>Cabe precisar que debido a la naturaleza del fen\u00f3meno ondas de calor, los pron\u00f3sticos de temperaturas m\u00e1ximas y las regiones donde ocurren \u00e9stas, tienen un cierto grado de incertidumbre.<\/p>\n<p>&nbsp;<\/p>\n<p>Por ello, es importante que la poblaci\u00f3n se mantenga informad acerca de los cambios climatol\u00f3gicos a trav\u00e9s de las redes sociales oficiales en X (antes Twitter) @pcivilchiapas y Facebook Protecci\u00f3n Civil Chiapas y ante alguna emergencia llamar al 911.<\/p>\n<p>&nbsp;<\/p>\n","protected":false},"excerpt":{"rendered":"<p>&nbsp; \u00b7 Emite Protecci\u00f3n Civil recomendaciones de autoprotecci\u00f3n y prevenci\u00f3n ante la presencia de ondas&#8230;<\/p>\n","protected":false},"author":2,"featured_media":31419,"comment_status":"closed","ping_status":"closed","sticky":false,"template":"","format":"standard","meta":{"_joinchat":[],"footnotes":""},"categories":[18,1,2,3],"tags":[],"class_list":["post-31418","post","type-post","status-publish","format-standard","has-post-thumbnail","hentry","category-almomento","category-boletin","category-estado","category-health"],"_links":{"self":[{"href":"https:\/\/icoinformativo.mx\/home\/index.php?rest_route=\/wp\/v2\/posts\/31418","targetHints":{"allow":["GET"]}}],"collection":[{"href":"https:\/\/icoinformativo.mx\/home\/index.php?rest_route=\/wp\/v2\/posts"}],"about":[{"href":"https:\/\/icoinformativo.mx\/home\/index.php?rest_route=\/wp\/v2\/types\/post"}],"author":[{"embeddable":true,"href":"https:\/\/icoinformativo.mx\/home\/index.php?rest_route=\/wp\/v2\/users\/2"}],"replies":[{"embeddable":true,"href":"https:\/\/icoinformativo.mx\/home\/index.php?rest_route=%2Fwp%2Fv2%2Fcomments&post=31418"}],"version-history":[{"count":1,"href":"https:\/\/icoinformativo.mx\/home\/index.php?rest_route=\/wp\/v2\/posts\/31418\/revisions"}],"predecessor-version":[{"id":31420,"href":"https:\/\/icoinformativo.mx\/home\/index.php?rest_route=\/wp\/v2\/posts\/31418\/revisions\/31420"}],"wp:featuredmedia":[{"embeddable":true,"href":"https:\/\/icoinformativo.mx\/home\/index.php?rest_route=\/wp\/v2\/media\/31419"}],"wp:attachment":[{"href":"https:\/\/icoinformativo.mx\/home\/index.php?rest_route=%2Fwp%2Fv2%2Fmedia&parent=31418"}],"wp:term":[{"taxonomy":"category","embeddable":true,"href":"https:\/\/icoinformativo.mx\/home\/index.php?rest_route=%2Fwp%2Fv2%2Fcategories&post=31418"},{"taxonomy":"post_tag","embeddable":true,"href":"https:\/\/icoinformativo.mx\/home\/index.php?rest_route=%2Fwp%2Fv2%2Ftags&post=31418"}],"curies":[{"name":"wp","href":"https:\/\/api.w.org\/{rel}","templated":true}]}}