{"id":31415,"date":"2025-03-08T03:57:55","date_gmt":"2025-03-08T03:57:55","guid":{"rendered":"https:\/\/icoinformativo.mx\/home\/?p=31415"},"modified":"2025-03-08T03:57:55","modified_gmt":"2025-03-08T03:57:55","slug":"isstech-realiza-con-exito-primera-edicion-de-la-feria-de-la-salud","status":"publish","type":"post","link":"https:\/\/icoinformativo.mx\/home\/?p=31415","title":{"rendered":"Isstech realiza con \u00e9xito primera edici\u00f3n de la \u201cFeria de la Salud\u201d"},"content":{"rendered":"<p>&nbsp;<\/p>\n<p>\u00b7 El evento se desarroll\u00f3 en conmemoraci\u00f3n del D\u00eda Internacional de la Mujer<\/p>\n<p>&nbsp;<\/p>\n<p>En el marco de la conmemoraci\u00f3n del D\u00eda Internacional de la Mujer, el Instituto de Seguridad Social de los Trabajadores del Estado de Chiapas (Isstech), en colaboraci\u00f3n con el Comit\u00e9 Ejecutivo de la Secci\u00f3n 40 del Sindicato Nacional de Trabajadores de la Educaci\u00f3n (SNTE), realiz\u00f3 la primera edici\u00f3n de la Feria de la Salud en la Cl\u00ednica de Consulta Externa Tuxtla Guti\u00e9rrez.<\/p>\n<p>El evento reuni\u00f3 a diversos especialistas y m\u00e9dicos, quienes brindaron consultas, pl\u00e1ticas informativas, as\u00ed como servicios m\u00e9dicos gratuitos en diversas \u00e1reas de la salud como medicina general, medicina preventiva, odontolog\u00eda y nutrici\u00f3n, dirigido a las personas afiliadas y p\u00fablico en general.<\/p>\n<p>El director general del Isstech, Armando Barrios Fierro, agradeci\u00f3 la cooperaci\u00f3n y trabajo en equipo realizado con los integrantes del SNTE y destac\u00f3 adem\u00e1s la importancia de seguir trabajando en la promoci\u00f3n de la salud.<\/p>\n<p>\u201cHoy, con motivo del D\u00eda Internacional de la Mujer, reconocemos el esfuerzo y la importancia que tienen todas las mujeres en nuestra sociedad. Esta Feria de la Salud es una muestra del compromiso de este instituto por brindarles herramientas que les permitan cuidar de su bienestar f\u00edsico y emocional\u201d, puntualiz\u00f3.<\/p>\n<p>Por su parte, el secretario general del Comit\u00e9 Ejecutivo de la Secci\u00f3n 40, Oved Balderas Tovilla, destac\u00f3 la importancia de fomentar una cultura de salud preventiva entre los trabajadores de la educaci\u00f3n y sus familias. Adem\u00e1s de agradecer la disposici\u00f3n y trabajo que realiza el Instituto.<\/p>\n<p>Este tipo de acciones no s\u00f3lo buscan ofrecer servicios m\u00e9dicos, sino crear conciencia sobre la importancia de la prevenci\u00f3n y cuidado de la salud en todos los aspectos.<\/p>\n<p>&nbsp;<\/p>\n","protected":false},"excerpt":{"rendered":"<p>&nbsp; \u00b7 El evento se desarroll\u00f3 en conmemoraci\u00f3n del D\u00eda Internacional de la Mujer &nbsp;&#8230;<\/p>\n","protected":false},"author":2,"featured_media":31416,"comment_status":"closed","ping_status":"closed","sticky":false,"template":"","format":"standard","meta":{"_joinchat":[],"footnotes":""},"categories":[18,1,2,3],"tags":[],"class_list":["post-31415","post","type-post","status-publish","format-standard","has-post-thumbnail","hentry","category-almomento","category-boletin","category-estado","category-health"],"_links":{"self":[{"href":"https:\/\/icoinformativo.mx\/home\/index.php?rest_route=\/wp\/v2\/posts\/31415","targetHints":{"allow":["GET"]}}],"collection":[{"href":"https:\/\/icoinformativo.mx\/home\/index.php?rest_route=\/wp\/v2\/posts"}],"about":[{"href":"https:\/\/icoinformativo.mx\/home\/index.php?rest_route=\/wp\/v2\/types\/post"}],"author":[{"embeddable":true,"href":"https:\/\/icoinformativo.mx\/home\/index.php?rest_route=\/wp\/v2\/users\/2"}],"replies":[{"embeddable":true,"href":"https:\/\/icoinformativo.mx\/home\/index.php?rest_route=%2Fwp%2Fv2%2Fcomments&post=31415"}],"version-history":[{"count":1,"href":"https:\/\/icoinformativo.mx\/home\/index.php?rest_route=\/wp\/v2\/posts\/31415\/revisions"}],"predecessor-version":[{"id":31417,"href":"https:\/\/icoinformativo.mx\/home\/index.php?rest_route=\/wp\/v2\/posts\/31415\/revisions\/31417"}],"wp:featuredmedia":[{"embeddable":true,"href":"https:\/\/icoinformativo.mx\/home\/index.php?rest_route=\/wp\/v2\/media\/31416"}],"wp:attachment":[{"href":"https:\/\/icoinformativo.mx\/home\/index.php?rest_route=%2Fwp%2Fv2%2Fmedia&parent=31415"}],"wp:term":[{"taxonomy":"category","embeddable":true,"href":"https:\/\/icoinformativo.mx\/home\/index.php?rest_route=%2Fwp%2Fv2%2Fcategories&post=31415"},{"taxonomy":"post_tag","embeddable":true,"href":"https:\/\/icoinformativo.mx\/home\/index.php?rest_route=%2Fwp%2Fv2%2Ftags&post=31415"}],"curies":[{"name":"wp","href":"https:\/\/api.w.org\/{rel}","templated":true}]}}