{"id":31412,"date":"2025-03-08T03:55:43","date_gmt":"2025-03-08T03:55:43","guid":{"rendered":"https:\/\/icoinformativo.mx\/home\/?p=31412"},"modified":"2025-03-08T03:55:43","modified_gmt":"2025-03-08T03:55:43","slug":"cecytech-impulsa-el-talento-estudiantil-la-equidad-de-genero-y-la-ciberseguridad","status":"publish","type":"post","link":"https:\/\/icoinformativo.mx\/home\/?p=31412","title":{"rendered":"Cecytech impulsa el talento estudiantil, la equidad de g\u00e9nero y la ciberseguridad"},"content":{"rendered":"<p>&nbsp;<\/p>\n<p>\u00b7 Plantel 01 San Fernando representar\u00e1 al estado en concurso nacional<\/p>\n<p>&nbsp;<\/p>\n<p>La alumna del Plantel 01 San Fernando del Colegio de Estudios Cient\u00edficos y Tecnol\u00f3gicos del Estado de Chiapas, Victoria de la Cruz Hern\u00e1ndez, asesorada por el docente Norberto Guti\u00e9rrez Hern\u00e1ndez, representar\u00e1 a Chiapas en el 2\u00ba Concurso Nacional de Qu\u00edmica \u00abMarie Curie\u00bb, evento que tiene como objetivo fortalecer los conocimientos estrat\u00e9gicos en qu\u00edmica, tanto en docentes como en estudiantes, facilitando su inclusi\u00f3n en concursos y olimpiadas nacionales.<\/p>\n<p>&nbsp;<\/p>\n<p>Lo anterior se llevar\u00e1 a cabo en Los Cabos, Baja California Sur, donde se reunir\u00e1n los mejores talentos a nivel nacional. Esta participaci\u00f3n refleja no solo el talento de las y los estudiantes chiapanecos, sino tambi\u00e9n el compromiso del Plantel 01 con la excelencia acad\u00e9mica y la proyecci\u00f3n de sus alumnos en competencias de alto nivel.<\/p>\n<p>&nbsp;<\/p>\n<p>Conmemoran el D\u00eda Internacional de la Mujer en CECyT 07 Tapilula<\/p>\n<p>&nbsp;<\/p>\n<p>En el marco de la conmemoraci\u00f3n del D\u00eda Internacional de la Mujer, el Plantel 07, ubicado en el municipio de Tapilula, organiz\u00f3 la ponencia \u00abEl papel de la mujer en la actualidad: Hombres y mujeres en equilibrio\u00bb, a cargo de Themis Urania V\u00e1zquez Figueroa, del Centro para la Prevenci\u00f3n y Tratamiento en Adicciones (Centra), Pichucalco.<\/p>\n<p>&nbsp;<\/p>\n<p>La actividad, coordinada por el Departamento de Orientaci\u00f3n Educativa y la Academia de Ciencias Sociales y Humanidades, busc\u00f3 la finalidad de resaltar la importancia de la equidad de g\u00e9nero en la sociedad actual.<\/p>\n<p>&nbsp;<\/p>\n<p>Fortaleciendo la Ciberseguridad<\/p>\n<p>&nbsp;<\/p>\n<p>En las oficinas centrales se llev\u00f3 a cabo la charla \u00abEscudo Digital Cecytech\u00bb, impartida por V\u00edctor Iv\u00e1n P\u00e9rez Ord\u00f3\u00f1ez, analista de la Direcci\u00f3n de la Polic\u00eda Cibern\u00e9tica, con el objetivo de capacitar y fortalecer la protecci\u00f3n de los datos institucionales y concienciar a personal administrativo sobre los riesgos actuales en el entorno digital.<\/p>\n<p>&nbsp;<\/p>\n<p>Al respecto, el director general del Cecytech, Luis Guadalupe Morales \u00c1ngeles, destac\u00f3 la importancia de robustecer la seguridad de la informaci\u00f3n dentro de la Instituci\u00f3n.<\/p>\n<p>&nbsp;<\/p>\n<p>\u201cEstas acciones forman parte del compromiso continuo para garantizar un entorno educativo seguro y confiable, protegiendo tanto los datos administrativos como los acad\u00e9micos\u201d, refiri\u00f3.<\/p>\n<p>&nbsp;<\/p>\n","protected":false},"excerpt":{"rendered":"<p>&nbsp; \u00b7 Plantel 01 San Fernando representar\u00e1 al estado en concurso nacional &nbsp; La alumna&#8230;<\/p>\n","protected":false},"author":2,"featured_media":31413,"comment_status":"closed","ping_status":"closed","sticky":false,"template":"","format":"standard","meta":{"_joinchat":[],"footnotes":""},"categories":[18,1,2,3],"tags":[],"class_list":["post-31412","post","type-post","status-publish","format-standard","has-post-thumbnail","hentry","category-almomento","category-boletin","category-estado","category-health"],"_links":{"self":[{"href":"https:\/\/icoinformativo.mx\/home\/index.php?rest_route=\/wp\/v2\/posts\/31412","targetHints":{"allow":["GET"]}}],"collection":[{"href":"https:\/\/icoinformativo.mx\/home\/index.php?rest_route=\/wp\/v2\/posts"}],"about":[{"href":"https:\/\/icoinformativo.mx\/home\/index.php?rest_route=\/wp\/v2\/types\/post"}],"author":[{"embeddable":true,"href":"https:\/\/icoinformativo.mx\/home\/index.php?rest_route=\/wp\/v2\/users\/2"}],"replies":[{"embeddable":true,"href":"https:\/\/icoinformativo.mx\/home\/index.php?rest_route=%2Fwp%2Fv2%2Fcomments&post=31412"}],"version-history":[{"count":1,"href":"https:\/\/icoinformativo.mx\/home\/index.php?rest_route=\/wp\/v2\/posts\/31412\/revisions"}],"predecessor-version":[{"id":31414,"href":"https:\/\/icoinformativo.mx\/home\/index.php?rest_route=\/wp\/v2\/posts\/31412\/revisions\/31414"}],"wp:featuredmedia":[{"embeddable":true,"href":"https:\/\/icoinformativo.mx\/home\/index.php?rest_route=\/wp\/v2\/media\/31413"}],"wp:attachment":[{"href":"https:\/\/icoinformativo.mx\/home\/index.php?rest_route=%2Fwp%2Fv2%2Fmedia&parent=31412"}],"wp:term":[{"taxonomy":"category","embeddable":true,"href":"https:\/\/icoinformativo.mx\/home\/index.php?rest_route=%2Fwp%2Fv2%2Fcategories&post=31412"},{"taxonomy":"post_tag","embeddable":true,"href":"https:\/\/icoinformativo.mx\/home\/index.php?rest_route=%2Fwp%2Fv2%2Ftags&post=31412"}],"curies":[{"name":"wp","href":"https:\/\/api.w.org\/{rel}","templated":true}]}}