{"id":31402,"date":"2025-03-08T03:49:47","date_gmt":"2025-03-08T03:49:47","guid":{"rendered":"https:\/\/icoinformativo.mx\/home\/?p=31402"},"modified":"2025-03-08T03:49:47","modified_gmt":"2025-03-08T03:49:47","slug":"foro-de-consulta-chiapas-con-bienestar-y-humanismo-un-paso-hacia-un-desarrollo-equitativo-y-justo-paco-chacon","status":"publish","type":"post","link":"https:\/\/icoinformativo.mx\/home\/?p=31402","title":{"rendered":"Foro de Consulta \u201cChiapas con Bienestar y Humanismo\u201d, un paso hacia un desarrollo equitativo y justo: Paco Chac\u00f3n"},"content":{"rendered":"<p>&nbsp;<\/p>\n<p>\u00b7 Este foro representa una oportunidad para que cada voz sea escuchada y tomada en cuenta en la elaboraci\u00f3n del Plan Estatal de Desarrollo 2025-2030<\/p>\n<p>\u00b7 La ciudadan\u00eda particip\u00f3 a trav\u00e9s de cinco mesas tem\u00e1ticas<\/p>\n<p>&nbsp;<\/p>\n<p>&nbsp;<\/p>\n<p>Con el objetivo de construir de manera conjunta un desarrollo basado en el humanismo entre ciudadan\u00eda y gobierno, se llev\u00f3 a cabo en Tuxtla Guti\u00e9rrez el Foro de Consulta Ciudadana: \u201cChiapas con Bienestar y Humanismo\u201d como parte del Plan Estatal de Desarrollo (PED) 2025-2030, instrumento rector del Poder Ejecutivo encabezado por el gobernador Eduardo Ram\u00edrez Aguilar.<\/p>\n<p>&nbsp;<\/p>\n<p>La inauguraci\u00f3n estuvo presidida por el titular de la Secretar\u00eda del Humanismo, Francisco Chac\u00f3n; el coordinador de Asesores del Gobernador del Estado, Juan Carlos G\u00f3mez Aranda; el subsecretario de Planeaci\u00f3n de la Secretar\u00eda de Finanzas, Jos\u00e9 Antonio Zenteno Santiago; la presidenta del Instituto de Administraci\u00f3n P\u00fablica del Estado de Chiapas (IAP), Lysette Raquel Lameiro Camacho, as\u00ed como integrantes del Sector Estrat\u00e9gico de Planeaci\u00f3n del Humanismo.<\/p>\n<p>&nbsp;<\/p>\n<p>Francisco Chac\u00f3n afirm\u00f3 que este foro es clave en la construcci\u00f3n del Plan Estatal de Desarrollo, que guiar\u00e1 al estado en los pr\u00f3ximos seis a\u00f1os. Subray\u00f3 la importancia de la participaci\u00f3n ciudadana, organizaciones civiles, acad\u00e9micos y el sector empresarial para dise\u00f1ar pol\u00edticas p\u00fablicas justas y equilibradas.<\/p>\n<p>&nbsp;<\/p>\n<p>\u201cHoy nos reunimos para construir un Chiapas con una visi\u00f3n humanista y esto solo ser\u00e1 posible con la participaci\u00f3n ciudadana\u201d, expres\u00f3 el titular de la Secretar\u00eda del Humanismo. Destac\u00f3 tambi\u00e9n que este foro es una oportunidad invaluable para escuchar todas las voces y reiter\u00f3 el compromiso del gobernador Eduardo Ram\u00edrez de impulsar un gobierno cercano, participativo y enfocado en el desarrollo integral de Chiapas.<\/p>\n<p>&nbsp;<\/p>\n<p>El coordinador de Asesores del Gobernador, Juan Carlos G\u00f3mez Aranda, manifest\u00f3 que este foro es clave para escuchar y atender las propuestas ciudadanas, porque, dijo, cada idea y planteamiento recogido no quedar\u00e1 en el olvido, sino que contribuir\u00e1 directamente a la construcci\u00f3n del Plan Estatal de Desarrollo.<\/p>\n<p>&nbsp;<\/p>\n<p>\u201cEl desarrollo social con un enfoque humanista es esencial para el bienestar de las familias, garantizando los derechos humanos y sociales, con \u00e9nfasis en los sectores m\u00e1s vulnerables, para lograr un Chiapas m\u00e1s equitativo y pr\u00f3spero\u201d, afirm\u00f3.<\/p>\n<p>&nbsp;<\/p>\n<p>A su vez, la presidenta del IAP Chiapas, Lysette Raquel Lameiro Camacho, subray\u00f3 que este encuentro es un espacio de di\u00e1logo y construcci\u00f3n colectiva, donde cada propuesta cuenta.<\/p>\n<p>2 \/ 2<\/p>\n<p>Asegur\u00f3 que escuchar a la ciudadan\u00eda es un acto de responsabilidad y compromiso para un Plan Estatal de Desarrollo que atienda las necesidades del pueblo. \u201cEl futuro de Chiapas lo construimos juntos\u201d, mencion\u00f3.<\/p>\n<p>&nbsp;<\/p>\n<p>El eje 3 del foro se centr\u00f3 en cinco mesas tem\u00e1ticas: \u00abHumanismo y Desarrollo Social: Un Chiapas para Todos\u00bb, \u00abDerechos de los Pueblos Ind\u00edgenas\u00bb, \u00abDeporte, Juventud y Seguridad Social\u00bb, \u00abIncrementar el Acceso a una Vivienda Digna\u00bb y \u00abMujeres y Grupos Vulnerables\u00bb.<\/p>\n<p>&nbsp;<\/p>\n<p>En estas mesas participaron representantes de diversas instituciones, entre ellas, la Secretar\u00eda del Humanismo, Secretar\u00eda para el Desarrollo Sustentable de los Pueblos Ind\u00edgenas (Sedespi), Secretar\u00eda de la Mujer e Igualdad de G\u00e9nero (Semuigen), Sistema para el Desarrollo Integral de la Familia (DIF Chiapas), Instituto de la Juventud (Ijech), el Instituto del Deporte (Indeporte), Promotora de Vivienda Chiapas (Provich) y el Instituto de Seguridad Social de los Trabajadores del Estado de Chiapas (Isstech).<\/p>\n<p>&nbsp;<\/p>\n","protected":false},"excerpt":{"rendered":"<p>&nbsp; \u00b7 Este foro representa una oportunidad para que cada voz sea escuchada y tomada&#8230;<\/p>\n","protected":false},"author":2,"featured_media":31404,"comment_status":"closed","ping_status":"closed","sticky":false,"template":"","format":"standard","meta":{"_joinchat":[],"footnotes":""},"categories":[18,1,2,3],"tags":[],"class_list":["post-31402","post","type-post","status-publish","format-standard","has-post-thumbnail","hentry","category-almomento","category-boletin","category-estado","category-health"],"_links":{"self":[{"href":"https:\/\/icoinformativo.mx\/home\/index.php?rest_route=\/wp\/v2\/posts\/31402","targetHints":{"allow":["GET"]}}],"collection":[{"href":"https:\/\/icoinformativo.mx\/home\/index.php?rest_route=\/wp\/v2\/posts"}],"about":[{"href":"https:\/\/icoinformativo.mx\/home\/index.php?rest_route=\/wp\/v2\/types\/post"}],"author":[{"embeddable":true,"href":"https:\/\/icoinformativo.mx\/home\/index.php?rest_route=\/wp\/v2\/users\/2"}],"replies":[{"embeddable":true,"href":"https:\/\/icoinformativo.mx\/home\/index.php?rest_route=%2Fwp%2Fv2%2Fcomments&post=31402"}],"version-history":[{"count":1,"href":"https:\/\/icoinformativo.mx\/home\/index.php?rest_route=\/wp\/v2\/posts\/31402\/revisions"}],"predecessor-version":[{"id":31408,"href":"https:\/\/icoinformativo.mx\/home\/index.php?rest_route=\/wp\/v2\/posts\/31402\/revisions\/31408"}],"wp:featuredmedia":[{"embeddable":true,"href":"https:\/\/icoinformativo.mx\/home\/index.php?rest_route=\/wp\/v2\/media\/31404"}],"wp:attachment":[{"href":"https:\/\/icoinformativo.mx\/home\/index.php?rest_route=%2Fwp%2Fv2%2Fmedia&parent=31402"}],"wp:term":[{"taxonomy":"category","embeddable":true,"href":"https:\/\/icoinformativo.mx\/home\/index.php?rest_route=%2Fwp%2Fv2%2Fcategories&post=31402"},{"taxonomy":"post_tag","embeddable":true,"href":"https:\/\/icoinformativo.mx\/home\/index.php?rest_route=%2Fwp%2Fv2%2Ftags&post=31402"}],"curies":[{"name":"wp","href":"https:\/\/api.w.org\/{rel}","templated":true}]}}