{"id":31389,"date":"2025-03-08T03:23:34","date_gmt":"2025-03-08T03:23:34","guid":{"rendered":"https:\/\/icoinformativo.mx\/home\/?p=31389"},"modified":"2025-03-08T03:23:34","modified_gmt":"2025-03-08T03:23:34","slug":"el-ayuntamiento-municipal-de-solosuchiapa-informa","status":"publish","type":"post","link":"https:\/\/icoinformativo.mx\/home\/?p=31389","title":{"rendered":"El Ayuntamiento Municipal de Solosuchiapa Informa :"},"content":{"rendered":"<p>&nbsp;<\/p>\n<p>Que este gobierno encabezado por el Ing. Fernando Aparicio G\u00f3mez, se suma al decreto del Gobernador del Estado, Dr. Eduardo Ram\u00edrez Aguilar, que entrar\u00e1 en vigor a partir del 7 de marzo de 2025.<\/p>\n<p>&nbsp;<\/p>\n<p>A partir de esta fecha, todos los trabajadores del Gobierno podr\u00e1n retirarse los d\u00edas viernes a las 13:00 horas, permiti\u00e9ndoles disfrutar de m\u00e1s tiempo con sus familias y fortalecer el tejido social en nuestro estado.<\/p>\n<p>&nbsp;<\/p>\n<p>Un paso m\u00e1s hacia el bienestar y calidad de vida de nuestra comunidad.<\/p>\n<p>&nbsp;<\/p>\n<p>#Solosuchiapa #QueOrgulloSerShuleco #BienestarParaTodos<\/p>\n","protected":false},"excerpt":{"rendered":"<p>&nbsp; Que este gobierno encabezado por el Ing. Fernando Aparicio G\u00f3mez, se suma al decreto&#8230;<\/p>\n","protected":false},"author":2,"featured_media":31390,"comment_status":"closed","ping_status":"closed","sticky":false,"template":"","format":"standard","meta":{"_joinchat":[],"footnotes":""},"categories":[18,1,2,3],"tags":[],"class_list":["post-31389","post","type-post","status-publish","format-standard","has-post-thumbnail","hentry","category-almomento","category-boletin","category-estado","category-health"],"_links":{"self":[{"href":"https:\/\/icoinformativo.mx\/home\/index.php?rest_route=\/wp\/v2\/posts\/31389","targetHints":{"allow":["GET"]}}],"collection":[{"href":"https:\/\/icoinformativo.mx\/home\/index.php?rest_route=\/wp\/v2\/posts"}],"about":[{"href":"https:\/\/icoinformativo.mx\/home\/index.php?rest_route=\/wp\/v2\/types\/post"}],"author":[{"embeddable":true,"href":"https:\/\/icoinformativo.mx\/home\/index.php?rest_route=\/wp\/v2\/users\/2"}],"replies":[{"embeddable":true,"href":"https:\/\/icoinformativo.mx\/home\/index.php?rest_route=%2Fwp%2Fv2%2Fcomments&post=31389"}],"version-history":[{"count":1,"href":"https:\/\/icoinformativo.mx\/home\/index.php?rest_route=\/wp\/v2\/posts\/31389\/revisions"}],"predecessor-version":[{"id":31391,"href":"https:\/\/icoinformativo.mx\/home\/index.php?rest_route=\/wp\/v2\/posts\/31389\/revisions\/31391"}],"wp:featuredmedia":[{"embeddable":true,"href":"https:\/\/icoinformativo.mx\/home\/index.php?rest_route=\/wp\/v2\/media\/31390"}],"wp:attachment":[{"href":"https:\/\/icoinformativo.mx\/home\/index.php?rest_route=%2Fwp%2Fv2%2Fmedia&parent=31389"}],"wp:term":[{"taxonomy":"category","embeddable":true,"href":"https:\/\/icoinformativo.mx\/home\/index.php?rest_route=%2Fwp%2Fv2%2Fcategories&post=31389"},{"taxonomy":"post_tag","embeddable":true,"href":"https:\/\/icoinformativo.mx\/home\/index.php?rest_route=%2Fwp%2Fv2%2Ftags&post=31389"}],"curies":[{"name":"wp","href":"https:\/\/api.w.org\/{rel}","templated":true}]}}