{"id":31386,"date":"2025-03-08T03:20:34","date_gmt":"2025-03-08T03:20:34","guid":{"rendered":"https:\/\/icoinformativo.mx\/home\/?p=31386"},"modified":"2025-03-08T03:20:34","modified_gmt":"2025-03-08T03:20:34","slug":"eduardo-ramirez-reafirma-su-compromiso-con-la-participacion-politica-de-las-mujeres-en-chiapas","status":"publish","type":"post","link":"https:\/\/icoinformativo.mx\/home\/?p=31386","title":{"rendered":"Eduardo Ram\u00edrez reafirma su compromiso con la participaci\u00f3n pol\u00edtica de las mujeres en Chiapas"},"content":{"rendered":"<p>&nbsp;<\/p>\n<p>El gobernador Eduardo Ram\u00edrez Aguilar particip\u00f3 en la Firma del Pacto Estatal por los Derechos Pol\u00edticos y Electorales de las Mujeres Chiapanecas, Libres de Violencia, donde celebr\u00f3 los avances en la materia y reconoci\u00f3 que a\u00fan hay retos por superar para garantizar su plena participaci\u00f3n. En ese sentido, reafirm\u00f3 su respaldo para que la igualdad pol\u00edtica sea una realidad en Chiapas.<\/p>\n<p>Ram\u00edrez Aguilar destac\u00f3 que, si bien el debate sobre los derechos pol\u00edticos suele centrarse en la participaci\u00f3n electoral, la igualdad de las mujeres en la toma de decisiones, tal como lo establece la Constituci\u00f3n Mexicana, sigue siendo una asignatura pendiente tanto en el estado como a nivel nacional, especialmente en el Poder Ejecutivo.<\/p>\n<p>En los \u00faltimos a\u00f1os, explic\u00f3 el mandatario, se han logrado avances significativos en la paridad dentro del Poder Judicial, el Senado, la C\u00e1mara de Diputados y los congresos locales. No obstante, en Chiapas, aunque los ayuntamientos cumplen con la normatividad legal, en la pr\u00e1ctica a\u00fan persisten obst\u00e1culos que limitan el ejercicio pleno de los derechos pol\u00edticos de las mujeres. Para corregir esta situaci\u00f3n, propuso una reforma legislativa que garantice su participaci\u00f3n efectiva en los cabildos.<\/p>\n<p>Subray\u00f3 que su compromiso con la igualdad de g\u00e9nero es una convicci\u00f3n personal, recordando un episodio en el que fue secuestrado mientras mediaba un conflicto pol\u00edtico en Chenalh\u00f3, donde un grupo se opon\u00eda a que una mujer asumiera la presidencia municipal.<\/p>\n<p>\u201cNo tengo duda de que las mujeres han llegado al poder para quedarse. Y no deben de irse. Chiapas no puede quedarse atr\u00e1s en este cambio. Vivimos una nueva etapa en la vida p\u00fablica y estamos comprometidos no solo con la transformaci\u00f3n de las instituciones, sino tambi\u00e9n con la construcci\u00f3n de una democracia m\u00e1s equitativa\u201d, expres\u00f3.<\/p>\n<p>En su intervenci\u00f3n, la consejera presidenta provisional del Instituto de Elecciones y Participaci\u00f3n Ciudadana (IEPC), Mar\u00eda Magdalena Vila Dom\u00ednguez, calific\u00f3 este acto como un paso decisivo para consolidar una pol\u00edtica m\u00e1s justa, equitativa y libre de violencia, precisando que con ello se afianza un compromiso real para establecer medidas concretas de prevenci\u00f3n, garantizar mecanismos de protecci\u00f3n, fomentar la cultura del respeto a la igualdad y equidad participativa, y fijar sanciones claras para quienes vulneren estos derechos.<\/p>\n<p>\u201cLa erradicaci\u00f3n de la violencia comienza con la transformaci\u00f3n de las conciencias. Hoy, con voluntad pol\u00edtica y la participaci\u00f3n activa de todas y todos, se abre una nueva oportunidad para que las mujeres de Chiapas puedan ejercer sus cargos con plena autonom\u00eda y sin temor. El respaldo de las autoridades es fundamental para que este acto no quede en papel sino que se traduzca en acciones concretas\u201d, asegur\u00f3.<\/p>\n<p>&nbsp;<\/p>\n<p>Luego de la firma, las consejeras y el consejero del IEPC, dirigentes estatales de los partidos pol\u00edticos e integrantes del Observatorio de Participaci\u00f3n y Empoderamiento Pol\u00edtico de las Mujeres (OPEPM) en Chiapas, as\u00ed como representantes de instituciones estatales, manifestaron la importancia de este acuerdo y coincidieron en que es un llamado a la acci\u00f3n para reforzar la participaci\u00f3n pol\u00edtica de las mujeres. Por ello, asumieron el compromiso de generar espacios que garanticen ese derecho.<\/p>\n<p>&nbsp;<\/p>\n<p>Estuvieron presentes: el magistrado presidente del Tribunal Superior de Justicia del Estado, Juan Carlos Moreno Guill\u00e9n; el diputado presidente de la Mesa Directiva del Congreso del Estado, Luis Ignacio Avenda\u00f1o Berm\u00fadez; la consejera electoral y presidenta del OPEPM en Chiapas, Teresa de Jes\u00fas Alfonso Medina; la secretaria de la Mujer e Igualdad de G\u00e9nero y secretaria t\u00e9cnica del OPEPM, Dulce Mar\u00eda Rodr\u00edguez Ovando; la magistrada presidenta del Tribunal Electoral del Estado de Chiapas y vocal del OPEPM, Magali Anabel Arellano C\u00f3rdova; servidoras y servidores del pueblo, representantes de organizaciones de la sociedad civil, entre otros.<\/p>\n","protected":false},"excerpt":{"rendered":"<p>&nbsp; El gobernador Eduardo Ram\u00edrez Aguilar particip\u00f3 en la Firma del Pacto Estatal por los&#8230;<\/p>\n","protected":false},"author":2,"featured_media":31387,"comment_status":"closed","ping_status":"closed","sticky":false,"template":"","format":"standard","meta":{"_joinchat":[],"footnotes":""},"categories":[18,1,2,3],"tags":[],"class_list":["post-31386","post","type-post","status-publish","format-standard","has-post-thumbnail","hentry","category-almomento","category-boletin","category-estado","category-health"],"_links":{"self":[{"href":"https:\/\/icoinformativo.mx\/home\/index.php?rest_route=\/wp\/v2\/posts\/31386","targetHints":{"allow":["GET"]}}],"collection":[{"href":"https:\/\/icoinformativo.mx\/home\/index.php?rest_route=\/wp\/v2\/posts"}],"about":[{"href":"https:\/\/icoinformativo.mx\/home\/index.php?rest_route=\/wp\/v2\/types\/post"}],"author":[{"embeddable":true,"href":"https:\/\/icoinformativo.mx\/home\/index.php?rest_route=\/wp\/v2\/users\/2"}],"replies":[{"embeddable":true,"href":"https:\/\/icoinformativo.mx\/home\/index.php?rest_route=%2Fwp%2Fv2%2Fcomments&post=31386"}],"version-history":[{"count":1,"href":"https:\/\/icoinformativo.mx\/home\/index.php?rest_route=\/wp\/v2\/posts\/31386\/revisions"}],"predecessor-version":[{"id":31388,"href":"https:\/\/icoinformativo.mx\/home\/index.php?rest_route=\/wp\/v2\/posts\/31386\/revisions\/31388"}],"wp:featuredmedia":[{"embeddable":true,"href":"https:\/\/icoinformativo.mx\/home\/index.php?rest_route=\/wp\/v2\/media\/31387"}],"wp:attachment":[{"href":"https:\/\/icoinformativo.mx\/home\/index.php?rest_route=%2Fwp%2Fv2%2Fmedia&parent=31386"}],"wp:term":[{"taxonomy":"category","embeddable":true,"href":"https:\/\/icoinformativo.mx\/home\/index.php?rest_route=%2Fwp%2Fv2%2Fcategories&post=31386"},{"taxonomy":"post_tag","embeddable":true,"href":"https:\/\/icoinformativo.mx\/home\/index.php?rest_route=%2Fwp%2Fv2%2Ftags&post=31386"}],"curies":[{"name":"wp","href":"https:\/\/api.w.org\/{rel}","templated":true}]}}