{"id":31383,"date":"2025-03-08T03:15:45","date_gmt":"2025-03-08T03:15:45","guid":{"rendered":"https:\/\/icoinformativo.mx\/home\/?p=31383"},"modified":"2025-03-08T03:15:45","modified_gmt":"2025-03-08T03:15:45","slug":"encabeza-eduardo-ramirez-entrega-de-tarjetas-de-la-beca-universal-rita-cetina","status":"publish","type":"post","link":"https:\/\/icoinformativo.mx\/home\/?p=31383","title":{"rendered":"Encabeza Eduardo Ram\u00edrez entrega de tarjetas de la Beca Universal Rita Cetina"},"content":{"rendered":"<p>&nbsp;<\/p>\n<p>El gobernador Eduardo Ram\u00edrez Aguilar encabez\u00f3 la entrega de tarjetas de la Beca Universal de Educaci\u00f3n B\u00e1sica Rita Cetina, cumpliendo as\u00ed el compromiso que asumi\u00f3 p\u00fablicamente el a\u00f1o pasado junto a la presidenta Claudia Sheinbaum, de coadyuvar para garantizar este apoyo a ni\u00f1as, ni\u00f1os y adolescentes de todo el estado.<\/p>\n<p>&nbsp;<\/p>\n<p>Desde la Escuela Secundaria Federal \u201cJoaqu\u00edn Miguel Guti\u00e9rrez Canales\u201d, en Tuxtla Guti\u00e9rrez, el mandatario destac\u00f3 el esfuerzo de las madres de familia, quienes no solo se encargan de la educaci\u00f3n de sus hijas e hijos, sino tambi\u00e9n del trabajo, el hogar y la crianza. En este sentido, se\u00f1al\u00f3 que estas becas representan un importante beneficio para la econom\u00eda familiar.<\/p>\n<p>&nbsp;<\/p>\n<p>Ante personal docente, directivo y la comunidad estudiantil, Ram\u00edrez Aguilar manifest\u00f3 su compromiso de atender las necesidades de este centro escolar, asegurando que la \u00fanica responsabilidad de las y los estudiantes debe ser estudiar y vivir en paz.<\/p>\n<p>&nbsp;<\/p>\n<p>Por su parte, el titular de la Oficina de Representaci\u00f3n de Becas para el Bienestar en Chiapas, Marcelo Toledo Cruz, resalt\u00f3 que la Beca Universal Rita Cetina refleja el compromiso de la presidenta Claudia Sheinbaum con la educaci\u00f3n, pues contribuye a que ni\u00f1as, ni\u00f1os y adolescentes contin\u00faen con sus estudios y cumplan sus sue\u00f1os. Detall\u00f3 que est\u00e1 dirigida a estudiantes de educaci\u00f3n b\u00e1sica y consiste en un beneficio de mil 900 pesos bimestrales por familia, con un apoyo adicional de 700 pesos por cada estudiante extra.<\/p>\n<p>&nbsp;<\/p>\n<p>\u201cCon este apoyo, seguimos construyendo un pa\u00eds m\u00e1s justo e igualitario donde nadie se quede atr\u00e1s por falta de recursos. La educaci\u00f3n es el presente y es el futuro de M\u00e9xico\u201d, expres\u00f3 al tiempo de transmitir el saludo del secretario de Educaci\u00f3n P\u00fablica, Mario Delgado Carrillo, y del coordinador nacional de Becas para el Bienestar, Julio Le\u00f3n.<\/p>\n<p>&nbsp;<\/p>\n<p>En su intervenci\u00f3n, la directora de la Escuela Secundaria Federal \u201cJoaqu\u00edn Miguel Guti\u00e9rrez Canales\u201d, Eva Julissa Mart\u00ednez Becerra, agradeci\u00f3 la visita del gobernador y reconoci\u00f3 el esfuerzo de su administraci\u00f3n para fortalecer la educaci\u00f3n, la cual, dijo, es la herramienta m\u00e1s poderosa para transformar vidas y construir un futuro de paz, libertad y prosperidad en Chiapas.<\/p>\n<p>&nbsp;<\/p>\n<p>En representaci\u00f3n de las y los beneficiarios, la madre de familia Marisol Herrera Saines expres\u00f3 su gratitud al gobernador Eduardo Ram\u00edrez por ser un aliado de la educaci\u00f3n, brindando apoyos que permiten a las y los estudiantes continuar con su formaci\u00f3n acad\u00e9mica y alcanzar sus metas. \u201cSu liderazgo y visi\u00f3n son fundamentales para seguir avanzando hacia un futuro mejor para la ni\u00f1ez chiapaneca\u201d, agreg\u00f3.<\/p>\n<p>&nbsp;<\/p>\n<p>Durante el evento estuvieron presentes: el diputado presidente de la Mesa Directiva del Congreso del Estado, Luis Ignacio Avenda\u00f1o Berm\u00fadez; el secretario del Humanismo, Francisco Chac\u00f3n S\u00e1nchez; la representante del alumnado, Kimberly Guadalupe Madrid Molina; as\u00ed como personal docente, madres y padres de familia, entre otros.<\/p>\n","protected":false},"excerpt":{"rendered":"<p>&nbsp; El gobernador Eduardo Ram\u00edrez Aguilar encabez\u00f3 la entrega de tarjetas de la Beca Universal&#8230;<\/p>\n","protected":false},"author":2,"featured_media":31384,"comment_status":"closed","ping_status":"closed","sticky":false,"template":"","format":"standard","meta":{"_joinchat":[],"footnotes":""},"categories":[18,1,2,3],"tags":[],"class_list":["post-31383","post","type-post","status-publish","format-standard","has-post-thumbnail","hentry","category-almomento","category-boletin","category-estado","category-health"],"_links":{"self":[{"href":"https:\/\/icoinformativo.mx\/home\/index.php?rest_route=\/wp\/v2\/posts\/31383","targetHints":{"allow":["GET"]}}],"collection":[{"href":"https:\/\/icoinformativo.mx\/home\/index.php?rest_route=\/wp\/v2\/posts"}],"about":[{"href":"https:\/\/icoinformativo.mx\/home\/index.php?rest_route=\/wp\/v2\/types\/post"}],"author":[{"embeddable":true,"href":"https:\/\/icoinformativo.mx\/home\/index.php?rest_route=\/wp\/v2\/users\/2"}],"replies":[{"embeddable":true,"href":"https:\/\/icoinformativo.mx\/home\/index.php?rest_route=%2Fwp%2Fv2%2Fcomments&post=31383"}],"version-history":[{"count":1,"href":"https:\/\/icoinformativo.mx\/home\/index.php?rest_route=\/wp\/v2\/posts\/31383\/revisions"}],"predecessor-version":[{"id":31385,"href":"https:\/\/icoinformativo.mx\/home\/index.php?rest_route=\/wp\/v2\/posts\/31383\/revisions\/31385"}],"wp:featuredmedia":[{"embeddable":true,"href":"https:\/\/icoinformativo.mx\/home\/index.php?rest_route=\/wp\/v2\/media\/31384"}],"wp:attachment":[{"href":"https:\/\/icoinformativo.mx\/home\/index.php?rest_route=%2Fwp%2Fv2%2Fmedia&parent=31383"}],"wp:term":[{"taxonomy":"category","embeddable":true,"href":"https:\/\/icoinformativo.mx\/home\/index.php?rest_route=%2Fwp%2Fv2%2Fcategories&post=31383"},{"taxonomy":"post_tag","embeddable":true,"href":"https:\/\/icoinformativo.mx\/home\/index.php?rest_route=%2Fwp%2Fv2%2Ftags&post=31383"}],"curies":[{"name":"wp","href":"https:\/\/api.w.org\/{rel}","templated":true}]}}