{"id":31380,"date":"2025-03-08T03:06:05","date_gmt":"2025-03-08T03:06:05","guid":{"rendered":"https:\/\/icoinformativo.mx\/home\/?p=31380"},"modified":"2025-03-08T03:06:05","modified_gmt":"2025-03-08T03:06:05","slug":"eduardo-ramirez-y-juan-carlos-moreno-reconocen-compromiso-de-juzgadoras-y-juzgadores","status":"publish","type":"post","link":"https:\/\/icoinformativo.mx\/home\/?p=31380","title":{"rendered":"Eduardo Ram\u00edrez y Juan Carlos Moreno reconocen compromiso de juzgadoras y juzgadores"},"content":{"rendered":"<p>&nbsp;<\/p>\n<p>\u00b7 En unidad, los tres poderes del Estado, logramos la pacificaci\u00f3n que estamos viviendo en Chiapas: Ram\u00edrez Aguilar<\/p>\n<p>\u00b7 Son pieza clave en la construcci\u00f3n de la paz en Chiapas: Moreno Guill\u00e9n<\/p>\n<p>&nbsp;<\/p>\n<p>El gobernador constitucional, Eduardo Ram\u00edrez Aguilar, y el magistrado presidente del Poder Judicial de Chiapas, Juan Carlos Moreno Guill\u00e9n, encabezaron la celebraci\u00f3n del D\u00eda de la y el juzgador mexicano, en la cual se reconoci\u00f3 la invaluable labor de quienes, con dedicaci\u00f3n, imparcialidad y compromiso, velan por el respeto de los derechos humanos y la justicia en nuestra sociedad.<\/p>\n<p>&nbsp;<\/p>\n<p>Durante este significativo evento, el gobernador Eduardo Ram\u00edrez felicit\u00f3 a las y los conmemorados, y les agradeci\u00f3 ser constructores de la paz en Chiapas. Asimismo, celebr\u00f3 que las mujeres chiapanecas cubran cada vez m\u00e1s espacios de alto mando y de toma de decisiones, como las magistradas y juezas, quienes aportan la sabidur\u00eda y calidez humana a la impartici\u00f3n de justicia.<\/p>\n<p>&nbsp;<\/p>\n<p>Por su parte, el magistrado presidente Moreno Guill\u00e9n destac\u00f3 que las y los juzgadores chiapanecos, con su experiencia y vocaci\u00f3n de servicio, contribuyen al fortalecimiento del Estado de Derecho y a la construcci\u00f3n de una sociedad m\u00e1s humanista, equitativa y justa. En Chiapas, su labor es fundamental para garantizar el acceso a la justicia para todas y todos los ciudadanos.<\/p>\n<p>&nbsp;<\/p>\n<p>\u00abHoy que conmemoramos su d\u00eda, los invito a conocer la verdadera realidad social de nuestro estado, que se encuentra m\u00e1s all\u00e1 de los procesos jurisdiccionales, porque para alcanzar la paz, la justicia responde tambi\u00e9n a exigencias humanas, con lo que se logra una verdadera justicia con humanismo\u00bb, manifest\u00f3 Moreno Guill\u00e9n.<\/p>\n<p>&nbsp;<\/p>\n<p>En representaci\u00f3n de las y los jueces, la primera jueza municipal de Las Margaritas, Ana Elsa Rivera Bartol\u00f3n, mencion\u00f3 que este d\u00eda no solo es para celebrar, sino para hacer reflexi\u00f3n y conciencia de la gran misi\u00f3n que representa ser impartidores de justicia y agentes de paz y cambio en Chiapas.<\/p>\n<p>&nbsp;<\/p>\n<p>Por su parte, el magistrado coordinador de Visitadur\u00eda, Ernesto Hern\u00e1ndez Ru\u00edz, subray\u00f3 en nombre de las y los magistrados del Poder Judicial, que la conciencia y las pr\u00e1cticas de excelencia, son la clave para su profesi\u00f3n y para dignificar la labor de sus hom\u00f3logas y hom\u00f3logos.<\/p>\n<p>&nbsp;<\/p>\n<p>En esta celebraci\u00f3n, tambi\u00e9n se hizo entrega de un reconocimiento a juezas y jueces penales, quienes representan una pieza angular para la campa\u00f1a de \u201cLa justicia es la paz\u201d, con la que se refuerzan las buenas pr\u00e1cticas que permiten que los delitos que da\u00f1an el tejido social en Chiapas, no queden impunes.<\/p>\n<p>&nbsp;<\/p>\n<p>Participaron en este evento la presidenta del Voluntariado del Poder Judicial, Dalal Jehan Rabban Castell; el presidente de la Mesa Directiva del Congreso del Estado, Luis Ignacio Avenda\u00f1o Berm\u00fadez; la secretaria general de Gobierno y Mediaci\u00f3n, Patricia Conde Ruiz; la secretaria Anticorrupci\u00f3n y Buen Gobierno, Ana Laura Romero Basurto; la consejera presidenta del Instituto de Elecciones y Participaci\u00f3n Ciudadana, Mar\u00eda Magdalena Vila Dom\u00ednguez; y el consejero jur\u00eddico del Gobierno del Estado, Guillermo Nieto Arreola.<\/p>\n<p>&nbsp;<\/p>\n<p>Adem\u00e1s de la presidenta del Tribunal Administrativo, Susana Sarmiento L\u00f3pez; la presidenta del Tribunal Electoral del Estado Chiapas, Magali Anabel Arellano C\u00f3rdova; as\u00ed como magistradas y magistrados, juezas y jueces estatales y federales.<\/p>\n","protected":false},"excerpt":{"rendered":"<p>&nbsp; \u00b7 En unidad, los tres poderes del Estado, logramos la pacificaci\u00f3n que estamos viviendo&#8230;<\/p>\n","protected":false},"author":2,"featured_media":31381,"comment_status":"closed","ping_status":"closed","sticky":false,"template":"","format":"standard","meta":{"_joinchat":[],"footnotes":""},"categories":[18,1,2,3],"tags":[],"class_list":["post-31380","post","type-post","status-publish","format-standard","has-post-thumbnail","hentry","category-almomento","category-boletin","category-estado","category-health"],"_links":{"self":[{"href":"https:\/\/icoinformativo.mx\/home\/index.php?rest_route=\/wp\/v2\/posts\/31380","targetHints":{"allow":["GET"]}}],"collection":[{"href":"https:\/\/icoinformativo.mx\/home\/index.php?rest_route=\/wp\/v2\/posts"}],"about":[{"href":"https:\/\/icoinformativo.mx\/home\/index.php?rest_route=\/wp\/v2\/types\/post"}],"author":[{"embeddable":true,"href":"https:\/\/icoinformativo.mx\/home\/index.php?rest_route=\/wp\/v2\/users\/2"}],"replies":[{"embeddable":true,"href":"https:\/\/icoinformativo.mx\/home\/index.php?rest_route=%2Fwp%2Fv2%2Fcomments&post=31380"}],"version-history":[{"count":1,"href":"https:\/\/icoinformativo.mx\/home\/index.php?rest_route=\/wp\/v2\/posts\/31380\/revisions"}],"predecessor-version":[{"id":31382,"href":"https:\/\/icoinformativo.mx\/home\/index.php?rest_route=\/wp\/v2\/posts\/31380\/revisions\/31382"}],"wp:featuredmedia":[{"embeddable":true,"href":"https:\/\/icoinformativo.mx\/home\/index.php?rest_route=\/wp\/v2\/media\/31381"}],"wp:attachment":[{"href":"https:\/\/icoinformativo.mx\/home\/index.php?rest_route=%2Fwp%2Fv2%2Fmedia&parent=31380"}],"wp:term":[{"taxonomy":"category","embeddable":true,"href":"https:\/\/icoinformativo.mx\/home\/index.php?rest_route=%2Fwp%2Fv2%2Fcategories&post=31380"},{"taxonomy":"post_tag","embeddable":true,"href":"https:\/\/icoinformativo.mx\/home\/index.php?rest_route=%2Fwp%2Fv2%2Ftags&post=31380"}],"curies":[{"name":"wp","href":"https:\/\/api.w.org\/{rel}","templated":true}]}}