{"id":31377,"date":"2025-03-08T03:02:50","date_gmt":"2025-03-08T03:02:50","guid":{"rendered":"https:\/\/icoinformativo.mx\/home\/?p=31377"},"modified":"2025-03-08T03:02:50","modified_gmt":"2025-03-08T03:02:50","slug":"conmemoran-el-dia-internacional-de-la-mujer-en-amatan","status":"publish","type":"post","link":"https:\/\/icoinformativo.mx\/home\/?p=31377","title":{"rendered":"CONMEMORAN EL D\u00cdA INTERNACIONAL DE LA MUJER EN AMAT\u00c1N"},"content":{"rendered":"<p>&nbsp;<\/p>\n<p>En el marco del D\u00eda Internacional de la Mujer, el H. Ayuntamiento Municipal de Amat\u00e1n, que preside el amigo del pueblo Majin Aguilar, a trav\u00e9s de la Coordinaci\u00f3n de Prevenci\u00f3n del Delito y el DIF Municipal, llev\u00f3 a cabo una jornada de concienciaci\u00f3n visitando la Escuela Secundaria T\u00e9cnica No. 98, las instalaciones del DIF Municipal y cada \u00e1rea del Ayuntamiento.<\/p>\n<p>&nbsp;<\/p>\n<p>El objetivo de esta actividad fue recordar y visibilizar la lucha de todas las mujeres por la igualdad de derechos en la sociedad, fomentando la no discriminaci\u00f3n y la importancia de educar en todos los niveles para proteger, garantizar y fortalecer el empoderamiento de las mujeres.<\/p>\n<p>&nbsp;<\/p>\n<p>Desde el gobierno municipal reiteramos nuestro compromiso con la equidad, el respeto y la justicia social, promoviendo espacios seguros y oportunidades para todas las mujeres de Amat\u00e1n.<\/p>\n<p>&nbsp;<\/p>\n<p>#Amat\u00e1nPorLaIgualdad \ud83d\udc9c<\/p>\n<p>#D\u00edaInternacionalDeLaMujer \ud83d\udcaa\u2640<\/p>\n<p>#MajinAguilarConElPueblo<\/p>\n","protected":false},"excerpt":{"rendered":"<p>&nbsp; En el marco del D\u00eda Internacional de la Mujer, el H. Ayuntamiento Municipal de&#8230;<\/p>\n","protected":false},"author":2,"featured_media":31378,"comment_status":"closed","ping_status":"closed","sticky":false,"template":"","format":"standard","meta":{"_joinchat":[],"footnotes":""},"categories":[18,1,2,3],"tags":[],"class_list":["post-31377","post","type-post","status-publish","format-standard","has-post-thumbnail","hentry","category-almomento","category-boletin","category-estado","category-health"],"_links":{"self":[{"href":"https:\/\/icoinformativo.mx\/home\/index.php?rest_route=\/wp\/v2\/posts\/31377","targetHints":{"allow":["GET"]}}],"collection":[{"href":"https:\/\/icoinformativo.mx\/home\/index.php?rest_route=\/wp\/v2\/posts"}],"about":[{"href":"https:\/\/icoinformativo.mx\/home\/index.php?rest_route=\/wp\/v2\/types\/post"}],"author":[{"embeddable":true,"href":"https:\/\/icoinformativo.mx\/home\/index.php?rest_route=\/wp\/v2\/users\/2"}],"replies":[{"embeddable":true,"href":"https:\/\/icoinformativo.mx\/home\/index.php?rest_route=%2Fwp%2Fv2%2Fcomments&post=31377"}],"version-history":[{"count":1,"href":"https:\/\/icoinformativo.mx\/home\/index.php?rest_route=\/wp\/v2\/posts\/31377\/revisions"}],"predecessor-version":[{"id":31379,"href":"https:\/\/icoinformativo.mx\/home\/index.php?rest_route=\/wp\/v2\/posts\/31377\/revisions\/31379"}],"wp:featuredmedia":[{"embeddable":true,"href":"https:\/\/icoinformativo.mx\/home\/index.php?rest_route=\/wp\/v2\/media\/31378"}],"wp:attachment":[{"href":"https:\/\/icoinformativo.mx\/home\/index.php?rest_route=%2Fwp%2Fv2%2Fmedia&parent=31377"}],"wp:term":[{"taxonomy":"category","embeddable":true,"href":"https:\/\/icoinformativo.mx\/home\/index.php?rest_route=%2Fwp%2Fv2%2Fcategories&post=31377"},{"taxonomy":"post_tag","embeddable":true,"href":"https:\/\/icoinformativo.mx\/home\/index.php?rest_route=%2Fwp%2Fv2%2Ftags&post=31377"}],"curies":[{"name":"wp","href":"https:\/\/api.w.org\/{rel}","templated":true}]}}