{"id":31371,"date":"2025-03-07T03:21:32","date_gmt":"2025-03-07T03:21:32","guid":{"rendered":"https:\/\/icoinformativo.mx\/home\/?p=31371"},"modified":"2025-03-07T03:21:32","modified_gmt":"2025-03-07T03:21:32","slug":"alcalde-de-pichucalco-andres-carballo-cordova-fortalece-la-salud-publica","status":"publish","type":"post","link":"https:\/\/icoinformativo.mx\/home\/?p=31371","title":{"rendered":"Alcalde de Pichucalco Andr\u00e9s Carballo C\u00f3rdova Fortalece la Salud P\u00fablica\u00a0"},"content":{"rendered":"<p>&nbsp;<\/p>\n<p>El Presidente Municipal, Andr\u00e9s Carballo C\u00f3rdova, quien tambi\u00e9n ostenta el cargo de presidente de la Red de Salud de la Regi\u00f3n Norte, participa activamente en la instalaci\u00f3n del comit\u00e9 estatal de municipios por la salud.<\/p>\n<p>&nbsp;<\/p>\n<p>Este importante evento se llev\u00f3 a cabo la ma\u00f1ana de este jueves en la ciudad de Tuxtla Guti\u00e9rrez, donde se decidir\u00e1n los cargos por medio de elecci\u00f3n democr\u00e1tica.<\/p>\n<p>&nbsp;<\/p>\n<p>Este comit\u00e9 tiene como objetivo impulsar y fortalecer la participaci\u00f3n de las autoridades municipales en el desarrollo de acciones de promoci\u00f3n de la salud, con el fin de generar y robustecer las actitudes y aptitudes de los ciudadanos para su autocuidado.<\/p>\n<p>&nbsp;<\/p>\n<p>#SaludP\u00fablica #Andr\u00e9sCarballo #Promoci\u00f3nDeLaSalud #AccionesQueContribuyenAlCambio<\/p>\n","protected":false},"excerpt":{"rendered":"<p>&nbsp; El Presidente Municipal, Andr\u00e9s Carballo C\u00f3rdova, quien tambi\u00e9n ostenta el cargo de presidente de&#8230;<\/p>\n","protected":false},"author":2,"featured_media":31372,"comment_status":"closed","ping_status":"closed","sticky":false,"template":"","format":"standard","meta":{"_joinchat":[],"footnotes":""},"categories":[18,1,2,3],"tags":[],"class_list":["post-31371","post","type-post","status-publish","format-standard","has-post-thumbnail","hentry","category-almomento","category-boletin","category-estado","category-health"],"_links":{"self":[{"href":"https:\/\/icoinformativo.mx\/home\/index.php?rest_route=\/wp\/v2\/posts\/31371","targetHints":{"allow":["GET"]}}],"collection":[{"href":"https:\/\/icoinformativo.mx\/home\/index.php?rest_route=\/wp\/v2\/posts"}],"about":[{"href":"https:\/\/icoinformativo.mx\/home\/index.php?rest_route=\/wp\/v2\/types\/post"}],"author":[{"embeddable":true,"href":"https:\/\/icoinformativo.mx\/home\/index.php?rest_route=\/wp\/v2\/users\/2"}],"replies":[{"embeddable":true,"href":"https:\/\/icoinformativo.mx\/home\/index.php?rest_route=%2Fwp%2Fv2%2Fcomments&post=31371"}],"version-history":[{"count":1,"href":"https:\/\/icoinformativo.mx\/home\/index.php?rest_route=\/wp\/v2\/posts\/31371\/revisions"}],"predecessor-version":[{"id":31373,"href":"https:\/\/icoinformativo.mx\/home\/index.php?rest_route=\/wp\/v2\/posts\/31371\/revisions\/31373"}],"wp:featuredmedia":[{"embeddable":true,"href":"https:\/\/icoinformativo.mx\/home\/index.php?rest_route=\/wp\/v2\/media\/31372"}],"wp:attachment":[{"href":"https:\/\/icoinformativo.mx\/home\/index.php?rest_route=%2Fwp%2Fv2%2Fmedia&parent=31371"}],"wp:term":[{"taxonomy":"category","embeddable":true,"href":"https:\/\/icoinformativo.mx\/home\/index.php?rest_route=%2Fwp%2Fv2%2Fcategories&post=31371"},{"taxonomy":"post_tag","embeddable":true,"href":"https:\/\/icoinformativo.mx\/home\/index.php?rest_route=%2Fwp%2Fv2%2Ftags&post=31371"}],"curies":[{"name":"wp","href":"https:\/\/api.w.org\/{rel}","templated":true}]}}