{"id":31365,"date":"2025-03-07T03:15:51","date_gmt":"2025-03-07T03:15:51","guid":{"rendered":"https:\/\/icoinformativo.mx\/home\/?p=31365"},"modified":"2025-03-07T03:15:51","modified_gmt":"2025-03-07T03:15:51","slug":"el-carnaval-2025-en-amatan-fue-un-exito-total","status":"publish","type":"post","link":"https:\/\/icoinformativo.mx\/home\/?p=31365","title":{"rendered":"\u00a1El Carnaval 2025 en Amat\u00e1n fue un \u00e9xito total!"},"content":{"rendered":"<p>&nbsp;<\/p>\n<p>Con gran alegr\u00eda y orgullo, el H. Ayuntamiento Constitucional de Amat\u00e1n, que preside el amigo del pueblo Majin Aguilar Utrilla, celebr\u00f3 con \u00e9xito una de las tradiciones m\u00e1s queridas y significativas de nuestro municipio: el Carnaval Amat\u00e1n 2025 \u00abVive la Chiapanequidad\u00bb.<\/p>\n<p>&nbsp;<\/p>\n<p>En esta gran celebraci\u00f3n, las comparsas de las instituciones educativas y del Ayuntamiento recorrieron con entusiasmo las principales calles del municipio, llevando alegr\u00eda y color a cada rinc\u00f3n.<\/p>\n<p>&nbsp;<\/p>\n<p>El recorrido culmin\u00f3 en la explanada del Ayuntamiento, donde los asistentes vivieron intensamente la presentaci\u00f3n de cada comparsa, disfrutando de sus famosas \u00abbombas\u00bb, expresiones llenas de ingenio y picard\u00eda que, con rimas, hicieron alusi\u00f3n a los presentes, arrancando risas y aplausos.<\/p>\n<p>&nbsp;<\/p>\n<p>Como parte del cierre del evento, tambi\u00e9n se realiz\u00f3 la tradicional lectura del testamento, un momento especial lleno de humor y significado.<\/p>\n<p>El presidente municipal expres\u00f3 su gratitud a todos los que hicieron posible este evento y destac\u00f3:<\/p>\n<p>&nbsp;<\/p>\n<p>\u201cEste carnaval lo hemos preparado con mucho cari\u00f1o y dedicaci\u00f3n, con la esperanza de que cada uno de ustedes lo disfrute y que juntos sigamos fortaleciendo nuestros lazos como comunidad. Las comparsas, los bailes y la alegr\u00eda que hoy vivimos son el reflejo de la fuerza y el coraz\u00f3n de nuestro pueblo.\u201d<\/p>\n<p>&nbsp;<\/p>\n<p>Agradecemos a todas las familias, comparsas, organizadores y ciudadanos que participaron con entusiasmo, haciendo de este evento una celebraci\u00f3n inolvidable, que aun con las inclemencias del tiempo se llev\u00f3 a cabo con \u00e9xito nuestro Carnaval Amat\u00e1n 2025.<\/p>\n<p>&nbsp;<\/p>\n<p>\ud83c\udf1f \u00a1Viva el Carnaval! \u00a1Viva Amat\u00e1n! \u00a1Viva la Chiapanequidad! \ud83c\udfad\ud83c\udfb6<\/p>\n<p>&nbsp;<\/p>\n<p>#Carnaval2025<\/p>\n<p>#ViveLaChiapanequidad<\/p>\n<p>#Amat\u00e1nUnido<\/p>\n<p>Majin Aguilar Utrilla<\/p>\n","protected":false},"excerpt":{"rendered":"<p>&nbsp; Con gran alegr\u00eda y orgullo, el H. Ayuntamiento Constitucional de Amat\u00e1n, que preside el&#8230;<\/p>\n","protected":false},"author":2,"featured_media":31366,"comment_status":"closed","ping_status":"closed","sticky":false,"template":"","format":"standard","meta":{"_joinchat":[],"footnotes":""},"categories":[18,1,2,3],"tags":[],"class_list":["post-31365","post","type-post","status-publish","format-standard","has-post-thumbnail","hentry","category-almomento","category-boletin","category-estado","category-health"],"_links":{"self":[{"href":"https:\/\/icoinformativo.mx\/home\/index.php?rest_route=\/wp\/v2\/posts\/31365","targetHints":{"allow":["GET"]}}],"collection":[{"href":"https:\/\/icoinformativo.mx\/home\/index.php?rest_route=\/wp\/v2\/posts"}],"about":[{"href":"https:\/\/icoinformativo.mx\/home\/index.php?rest_route=\/wp\/v2\/types\/post"}],"author":[{"embeddable":true,"href":"https:\/\/icoinformativo.mx\/home\/index.php?rest_route=\/wp\/v2\/users\/2"}],"replies":[{"embeddable":true,"href":"https:\/\/icoinformativo.mx\/home\/index.php?rest_route=%2Fwp%2Fv2%2Fcomments&post=31365"}],"version-history":[{"count":1,"href":"https:\/\/icoinformativo.mx\/home\/index.php?rest_route=\/wp\/v2\/posts\/31365\/revisions"}],"predecessor-version":[{"id":31367,"href":"https:\/\/icoinformativo.mx\/home\/index.php?rest_route=\/wp\/v2\/posts\/31365\/revisions\/31367"}],"wp:featuredmedia":[{"embeddable":true,"href":"https:\/\/icoinformativo.mx\/home\/index.php?rest_route=\/wp\/v2\/media\/31366"}],"wp:attachment":[{"href":"https:\/\/icoinformativo.mx\/home\/index.php?rest_route=%2Fwp%2Fv2%2Fmedia&parent=31365"}],"wp:term":[{"taxonomy":"category","embeddable":true,"href":"https:\/\/icoinformativo.mx\/home\/index.php?rest_route=%2Fwp%2Fv2%2Fcategories&post=31365"},{"taxonomy":"post_tag","embeddable":true,"href":"https:\/\/icoinformativo.mx\/home\/index.php?rest_route=%2Fwp%2Fv2%2Ftags&post=31365"}],"curies":[{"name":"wp","href":"https:\/\/api.w.org\/{rel}","templated":true}]}}